{"id":90595,"date":"2022-12-07T17:41:19","date_gmt":"2022-12-07T20:41:19","guid":{"rendered":"https:\/\/blogdoedvaldomagalhaes.com.br\/?p=90595"},"modified":"2022-12-07T17:41:21","modified_gmt":"2022-12-07T20:41:21","slug":"usar-lentes-de-contato-exige-cuidados-para-preservar-saude-ocular","status":"publish","type":"post","link":"https:\/\/blogdoedvaldomagalhaes.com.br\/index.php\/2022\/12\/07\/usar-lentes-de-contato-exige-cuidados-para-preservar-saude-ocular\/","title":{"rendered":"Usar lentes de contato exige cuidados para preservar sa\u00fade ocular"},"content":{"rendered":"<p style=\"text-align: justify;\"><span style=\"font-size: revert; color: initial;\">Seja por raz\u00f5es m\u00e9dicas ou est\u00e9ticas, o uso de lentes de contato \u00e9 um importante aliado para a vis\u00e3o. Segundo a Sociedade Brasileira de Lentes de Contato e C\u00f3rnea (SOBLEC), estima-se que 1% de brasileiros use lentes de contato &#8211; o equivalente a cerca de dois milh\u00f5es de pessoas. No entanto, para preservar a sa\u00fade ocular \u00e9 preciso tomar alguns cuidados antes de usar as lentes.<\/span><\/p>\n<p style=\"text-align: justify;\"><span style=\"font-weight: 400;\">Oftalmologista do HOPE, hospital refer\u00eancia em oftalmologia da rede Vision One, Maria Concei\u00e7\u00e3o Sales afirma que \u00e9 importante ter o acompanhamento de um profissional especializado. \u201cA maioria das pessoas tem a possibilidade de fazer uso de lente de contato, tanto para corre\u00e7\u00e3o de miopia, hipermetropia, astigmatismo e outras patologias. Mas para se fazer a escolha da lente \u00e9 importante que o paciente fa\u00e7a um exame oftalmol\u00f3gico completo\u201d, explica.<\/span><\/p>\n<p style=\"text-align: justify;\"><span style=\"font-weight: 400;\">A oftalmologista Jeanine Dantas, tamb\u00e9m do HOPE, d\u00e1 mais detalhes sobre o processo de escolha da lente. \u201cO paciente deve ainda realizar exames de imagem que analisam a superf\u00edcie da c\u00f3rnea e a avalia\u00e7\u00e3o das vias lacrimais. A partir disso, podemos determinar qual o melhor tipo de lente de contato\u201d, acrescenta. \u201cAs vantagens v\u00e3o al\u00e9m da parte est\u00e9tica. As lentes s\u00e3o confort\u00e1veis, n\u00e3o atrapalham a rotina e melhoram o campo de vis\u00e3o\u201d, garante a oftalmologista Jeanine Dantas.\u00a0<\/span><\/p>\n<p style=\"text-align: justify;\"><span style=\"font-weight: 400;\">A procura por lentes de contato tamb\u00e9m \u00e9 acompanhada pelo Conselho Nacional de Medicina, principalmente quanto ao uso indiscriminado e sem os devidos cuidados. Em 2011, o \u00f3rg\u00e3o emitiu uma resolu\u00e7\u00e3o que recomendou a compra dessas lentes apenas ap\u00f3s orienta\u00e7\u00e3o m\u00e9dica, devendo respeitar a seguinte ordem: consulta, exames complementares, avalia\u00e7\u00e3o cl\u00ednica da escolha das lentes, processos de adapta\u00e7\u00e3o e controle m\u00e9dico peri\u00f3dico.<\/span><\/p>\n<p style=\"text-align: justify;\"><span style=\"font-weight: 400;\">Segundo a oftalmologista Maria Concei\u00e7\u00e3o Sales, a assist\u00eancia do profissional especializado deve ser constante. \u201cA partir do momento em que voc\u00ea come\u00e7a a usar a lente \u00e9 que come\u00e7a a sua adapta\u00e7\u00e3o e essa adapta\u00e7\u00e3o vai durar at\u00e9 o momento em que o paciente por alguma raz\u00e3o deixe de usar. Revis\u00f5es s\u00e3o importantes e devem ser peri\u00f3dicas, a cada seis meses ou no m\u00e1ximo a cada ano. O oftalmologista vai avaliar se o olho apresenta alguma altera\u00e7\u00e3o e evitar ou tratar algum tipo de complica\u00e7\u00e3o que possa surgir\u201d, detalha a oftalmologista Maria Concei\u00e7\u00e3o Sales.<\/span><\/p>\n<p style=\"text-align: justify;\"><span style=\"font-weight: 400;\">A especialista Jeanine Dantas destaca ainda que o uso de lentes incorretas pode ter consequ\u00eancias graves ao olho, como \u00falcera de c\u00f3rnea, ceratites e conjuntivites. \u201cN\u00e3o devemos comprar em \u00f3tica nem internet. A escolha ideal da lente depende de um conjunto de fatores que esses servi\u00e7os n\u00e3o disp\u00f5em. Uma lente mal adaptada causa preju\u00edzos graves aos olhos. E n\u00e3o podemos esquecer que a adapta\u00e7\u00e3o de lente de contato \u00e9 um ato m\u00e9dico\u201d, conclui Jeanine Dantas.<\/span><\/p>\n<p style=\"text-align: justify;\"><strong>Cuidados importantes<\/strong><\/p>\n<p style=\"text-align: justify;\"><span style=\"font-weight: 400;\">&#8211; Sempre limpar bem as lentes: a limpeza inadequada pode provocar infec\u00e7\u00f5es que causam at\u00e9 a perda da vis\u00e3o;<\/span><\/p>\n<p style=\"text-align: justify;\"><span style=\"font-weight: 400;\">&#8211; Trocar as lentes dentro do per\u00edodo indicado: cada tipo de lente tem um prazo diferente para descarte;<\/span><\/p>\n<p style=\"text-align: justify;\"><span style=\"font-weight: 400;\">&#8211; Manter acompanhamento especializado: cada paciente dever\u00e1 realizar consultas frequentes para reavaliar a adapta\u00e7\u00e3o \u00e0 lente.<\/span><\/p>\n\n\n<figure class=\"wp-block-image size-full is-resized\"><img loading=\"lazy\" decoding=\"async\" src=\"https:\/\/blogdoedvaldomagalhaes.com.br\/wp-content\/uploads\/2022\/12\/IMG-20221207-WA0148.jpg\" alt=\"\" class=\"wp-image-90597\" width=\"339\" height=\"508\" srcset=\"https:\/\/blogdoedvaldomagalhaes.com.br\/wp-content\/uploads\/2022\/12\/IMG-20221207-WA0148.jpg 683w, https:\/\/blogdoedvaldomagalhaes.com.br\/wp-content\/uploads\/2022\/12\/IMG-20221207-WA0148-200x300.jpg 200w\" sizes=\"auto, (max-width: 339px) 100vw, 339px\" \/><figcaption>Oftalmologista Maria Concei\u00e7\u00e3o Sales<\/figcaption><\/figure>\n","protected":false},"excerpt":{"rendered":"<p>Seja por raz\u00f5es m\u00e9dicas ou est\u00e9ticas, o uso de lentes de contato \u00e9 um importante aliado para a vis\u00e3o. Segundo&hellip;<\/p>\n","protected":false},"author":1,"featured_media":90596,"comment_status":"closed","ping_status":"open","sticky":false,"template":"","format":"standard","meta":{"footnotes":""},"categories":[14120],"tags":[2,19532,3406,26254],"class_list":["post-90595","post","type-post","status-publish","format-standard","has-post-thumbnail","hentry","category-noticias","tag-blog-do-edvaldo-magalhaes","tag-blog-mais-acessado-e-visualizado-de-caruaru-e-regiao","tag-caruaru","tag-usar-lentes-de-contato-exige-cuidados-para-preservar-saude-ocular"],"_links":{"self":[{"href":"https:\/\/blogdoedvaldomagalhaes.com.br\/index.php\/wp-json\/wp\/v2\/posts\/90595","targetHints":{"allow":["GET"]}}],"collection":[{"href":"https:\/\/blogdoedvaldomagalhaes.com.br\/index.php\/wp-json\/wp\/v2\/posts"}],"about":[{"href":"https:\/\/blogdoedvaldomagalhaes.com.br\/index.php\/wp-json\/wp\/v2\/types\/post"}],"author":[{"embeddable":true,"href":"https:\/\/blogdoedvaldomagalhaes.com.br\/index.php\/wp-json\/wp\/v2\/users\/1"}],"replies":[{"embeddable":true,"href":"https:\/\/blogdoedvaldomagalhaes.com.br\/index.php\/wp-json\/wp\/v2\/comments?post=90595"}],"version-history":[{"count":1,"href":"https:\/\/blogdoedvaldomagalhaes.com.br\/index.php\/wp-json\/wp\/v2\/posts\/90595\/revisions"}],"predecessor-version":[{"id":90598,"href":"https:\/\/blogdoedvaldomagalhaes.com.br\/index.php\/wp-json\/wp\/v2\/posts\/90595\/revisions\/90598"}],"wp:featuredmedia":[{"embeddable":true,"href":"https:\/\/blogdoedvaldomagalhaes.com.br\/index.php\/wp-json\/wp\/v2\/media\/90596"}],"wp:attachment":[{"href":"https:\/\/blogdoedvaldomagalhaes.com.br\/index.php\/wp-json\/wp\/v2\/media?parent=90595"}],"wp:term":[{"taxonomy":"category","embeddable":true,"href":"https:\/\/blogdoedvaldomagalhaes.com.br\/index.php\/wp-json\/wp\/v2\/categories?post=90595"},{"taxonomy":"post_tag","embeddable":true,"href":"https:\/\/blogdoedvaldomagalhaes.com.br\/index.php\/wp-json\/wp\/v2\/tags?post=90595"}],"curies":[{"name":"wp","href":"https:\/\/api.w.org\/{rel}","templated":true}]}}