{"id":90591,"date":"2022-12-07T13:49:35","date_gmt":"2022-12-07T16:49:35","guid":{"rendered":"https:\/\/blogdoedvaldomagalhaes.com.br\/?p=90591"},"modified":"2022-12-08T08:20:17","modified_gmt":"2022-12-08T11:20:17","slug":"5o-edicao-do-rock-sem-fome-pe-arrecada-alimentos-em-caruaru","status":"publish","type":"post","link":"https:\/\/blogdoedvaldomagalhaes.com.br\/index.php\/2022\/12\/07\/5o-edicao-do-rock-sem-fome-pe-arrecada-alimentos-em-caruaru\/","title":{"rendered":"5\u00ba edi\u00e7\u00e3o do Rock Sem Fome PE arrecada alimentos em Caruaru"},"content":{"rendered":"<p style=\"text-align: justify;\"><span style=\"font-size: revert; color: initial;\">O projeto solid\u00e1rio Rock Sem Fome PE realiza mais uma edi\u00e7\u00e3o nesta quinta-feira (15), em Caruaru, no Agreste de Pernambuco. Os shows come\u00e7am \u00e0s 19h, na Esta\u00e7\u00e3o Ferrovi\u00e1ria, junto com o encontro de motociclistas organizado pelo Movimento Motocicl\u00edstico de Caruaru (MMC). As atra\u00e7\u00f5es deste ano ser\u00e3o: Hierarquia e BillyJack.<\/span><\/p>\n<p style=\"text-align: justify;\">O ponto de arrecada\u00e7\u00e3o \u00e9 na sede do Motoclube Serpentes de A\u00e7o, que fica localizado na Av. Caruaru, 790, Maria Auxiliadora. No dia do evento, haver\u00e1 pontos\/caixas para a coleta dos alimentos. O Rock sem Fome foi criado em 2018. Na edi\u00e7\u00e3o do ano passado, o evento arrecadou aproximadamente 700kg de alimentos. Em 2022, as doa\u00e7\u00f5es ser\u00e3o levadas para uma comunidade em Caruaru.<\/p>\n<p style=\"text-align: justify;\">Siga o Instagram do Blog @blogdoedvaldomagalhaes<\/p>\n\n\n<figure class=\"wp-block-image size-full\"><img loading=\"lazy\" decoding=\"async\" width=\"567\" height=\"567\" src=\"https:\/\/blogdoedvaldomagalhaes.com.br\/wp-content\/uploads\/2022\/12\/IMG-20221207-WA0107.jpg\" alt=\"\" class=\"wp-image-90593\" srcset=\"https:\/\/blogdoedvaldomagalhaes.com.br\/wp-content\/uploads\/2022\/12\/IMG-20221207-WA0107.jpg 567w, https:\/\/blogdoedvaldomagalhaes.com.br\/wp-content\/uploads\/2022\/12\/IMG-20221207-WA0107-300x300.jpg 300w, https:\/\/blogdoedvaldomagalhaes.com.br\/wp-content\/uploads\/2022\/12\/IMG-20221207-WA0107-150x150.jpg 150w\" sizes=\"auto, (max-width: 567px) 100vw, 567px\" \/><\/figure>\n","protected":false},"excerpt":{"rendered":"<p>O projeto solid\u00e1rio Rock Sem Fome PE realiza mais uma edi\u00e7\u00e3o nesta quinta-feira (15), em Caruaru, no Agreste de Pernambuco.&hellip;<\/p>\n","protected":false},"author":1,"featured_media":90592,"comment_status":"closed","ping_status":"open","sticky":false,"template":"","format":"standard","meta":{"footnotes":""},"categories":[14120],"tags":[26253,2,19532,3406],"class_list":["post-90591","post","type-post","status-publish","format-standard","has-post-thumbnail","hentry","category-noticias","tag-5o-edicao-do-rock-sem-fome-pe-arrecada-alimentos-em-caruaru","tag-blog-do-edvaldo-magalhaes","tag-blog-mais-acessado-e-visualizado-de-caruaru-e-regiao","tag-caruaru"],"_links":{"self":[{"href":"https:\/\/blogdoedvaldomagalhaes.com.br\/index.php\/wp-json\/wp\/v2\/posts\/90591","targetHints":{"allow":["GET"]}}],"collection":[{"href":"https:\/\/blogdoedvaldomagalhaes.com.br\/index.php\/wp-json\/wp\/v2\/posts"}],"about":[{"href":"https:\/\/blogdoedvaldomagalhaes.com.br\/index.php\/wp-json\/wp\/v2\/types\/post"}],"author":[{"embeddable":true,"href":"https:\/\/blogdoedvaldomagalhaes.com.br\/index.php\/wp-json\/wp\/v2\/users\/1"}],"replies":[{"embeddable":true,"href":"https:\/\/blogdoedvaldomagalhaes.com.br\/index.php\/wp-json\/wp\/v2\/comments?post=90591"}],"version-history":[{"count":2,"href":"https:\/\/blogdoedvaldomagalhaes.com.br\/index.php\/wp-json\/wp\/v2\/posts\/90591\/revisions"}],"predecessor-version":[{"id":90611,"href":"https:\/\/blogdoedvaldomagalhaes.com.br\/index.php\/wp-json\/wp\/v2\/posts\/90591\/revisions\/90611"}],"wp:featuredmedia":[{"embeddable":true,"href":"https:\/\/blogdoedvaldomagalhaes.com.br\/index.php\/wp-json\/wp\/v2\/media\/90592"}],"wp:attachment":[{"href":"https:\/\/blogdoedvaldomagalhaes.com.br\/index.php\/wp-json\/wp\/v2\/media?parent=90591"}],"wp:term":[{"taxonomy":"category","embeddable":true,"href":"https:\/\/blogdoedvaldomagalhaes.com.br\/index.php\/wp-json\/wp\/v2\/categories?post=90591"},{"taxonomy":"post_tag","embeddable":true,"href":"https:\/\/blogdoedvaldomagalhaes.com.br\/index.php\/wp-json\/wp\/v2\/tags?post=90591"}],"curies":[{"name":"wp","href":"https:\/\/api.w.org\/{rel}","templated":true}]}}