{"id":90586,"date":"2022-12-07T12:18:24","date_gmt":"2022-12-07T15:18:24","guid":{"rendered":"https:\/\/blogdoedvaldomagalhaes.com.br\/?p=90586"},"modified":"2022-12-07T12:18:26","modified_gmt":"2022-12-07T15:18:26","slug":"uniao-beneficente-de-caruaru-realiza-campanha-natal-solidario","status":"publish","type":"post","link":"https:\/\/blogdoedvaldomagalhaes.com.br\/index.php\/2022\/12\/07\/uniao-beneficente-de-caruaru-realiza-campanha-natal-solidario\/","title":{"rendered":"Uni\u00e3o Beneficente de Caruaru realiza Campanha Natal Solid\u00e1rio"},"content":{"rendered":"<p style=\"text-align: justify;\"><span style=\"color: initial; font-size: revert;\">A Uni\u00e3o Beneficente dos Artistas e Profissionais de Caruaru (UBAPC) deu in\u00edcio, esta semana, \u00e0 sua campanha anual de doa\u00e7\u00e3o de alimentos a serem repassados para pessoas de vulnerabilidade social e econ\u00f4mica.<\/span><\/p>\n<p style=\"text-align: justify;\">As doa\u00e7\u00f5es podem ser realizadas tanto por pessoas f\u00edsicas como por empresas locais, de segunda a sexta-feira, no hor\u00e1rio das 8h \u00e0s 13h, na sede da Uni\u00e3o, que fica localizada, na Rua 13 de maio, n\u00famero 82, Centro.<\/p>\n<p style=\"text-align: justify;\">\u201cO Natal chegou e com ele a necessidade de tentarmos fazer ainda mais pelos nossos irm\u00e3os crist\u00e3os, que precisam de mantimentos para sobreviver. Quem puder, fa\u00e7a a doa\u00e7\u00e3o de alimentos para nossa entidade, desta forma, poderemos proporcionar uma noite de Natal mais feliz. Doa\u00e7\u00f5es de roupas e brinquedos tamb\u00e9m s\u00e3o bem-vindos neste per\u00edodo de confraterniza\u00e7\u00e3o\u201d, destacou o presidente da UBAPC, Jos\u00e9 Marcolino.<\/p>\n<p style=\"text-align: justify;\">Mais informa\u00e7\u00f5es<\/p>\n<p style=\"text-align: justify;\">Uni\u00e3o Beneficente dos Artistas e Profissionais de Caruaru (UBAPC)<\/p>\n<p style=\"text-align: justify;\">Endere\u00e7o: Rua 13 de maio, n\u00famero 82, Centro. T<span style=\"font-size: revert; color: initial;\">elefone: 3721-6557<\/span><\/p>\n<p style=\"text-align: justify;\">Siga o Instagram do Blog @blogdoedvaldomagalhaes<\/p>\n","protected":false},"excerpt":{"rendered":"<p>A Uni\u00e3o Beneficente dos Artistas e Profissionais de Caruaru (UBAPC) deu in\u00edcio, esta semana, \u00e0 sua campanha anual de doa\u00e7\u00e3o&hellip;<\/p>\n","protected":false},"author":1,"featured_media":90587,"comment_status":"closed","ping_status":"open","sticky":false,"template":"","format":"standard","meta":{"footnotes":""},"categories":[14120],"tags":[2,19532,3406,26252],"class_list":["post-90586","post","type-post","status-publish","format-standard","has-post-thumbnail","hentry","category-noticias","tag-blog-do-edvaldo-magalhaes","tag-blog-mais-acessado-e-visualizado-de-caruaru-e-regiao","tag-caruaru","tag-uniao-beneficente-de-caruaru-realiza-campanha-natal-solidario"],"_links":{"self":[{"href":"https:\/\/blogdoedvaldomagalhaes.com.br\/index.php\/wp-json\/wp\/v2\/posts\/90586","targetHints":{"allow":["GET"]}}],"collection":[{"href":"https:\/\/blogdoedvaldomagalhaes.com.br\/index.php\/wp-json\/wp\/v2\/posts"}],"about":[{"href":"https:\/\/blogdoedvaldomagalhaes.com.br\/index.php\/wp-json\/wp\/v2\/types\/post"}],"author":[{"embeddable":true,"href":"https:\/\/blogdoedvaldomagalhaes.com.br\/index.php\/wp-json\/wp\/v2\/users\/1"}],"replies":[{"embeddable":true,"href":"https:\/\/blogdoedvaldomagalhaes.com.br\/index.php\/wp-json\/wp\/v2\/comments?post=90586"}],"version-history":[{"count":1,"href":"https:\/\/blogdoedvaldomagalhaes.com.br\/index.php\/wp-json\/wp\/v2\/posts\/90586\/revisions"}],"predecessor-version":[{"id":90588,"href":"https:\/\/blogdoedvaldomagalhaes.com.br\/index.php\/wp-json\/wp\/v2\/posts\/90586\/revisions\/90588"}],"wp:featuredmedia":[{"embeddable":true,"href":"https:\/\/blogdoedvaldomagalhaes.com.br\/index.php\/wp-json\/wp\/v2\/media\/90587"}],"wp:attachment":[{"href":"https:\/\/blogdoedvaldomagalhaes.com.br\/index.php\/wp-json\/wp\/v2\/media?parent=90586"}],"wp:term":[{"taxonomy":"category","embeddable":true,"href":"https:\/\/blogdoedvaldomagalhaes.com.br\/index.php\/wp-json\/wp\/v2\/categories?post=90586"},{"taxonomy":"post_tag","embeddable":true,"href":"https:\/\/blogdoedvaldomagalhaes.com.br\/index.php\/wp-json\/wp\/v2\/tags?post=90586"}],"curies":[{"name":"wp","href":"https:\/\/api.w.org\/{rel}","templated":true}]}}