{"id":90582,"date":"2022-12-07T12:12:37","date_gmt":"2022-12-07T15:12:37","guid":{"rendered":"https:\/\/blogdoedvaldomagalhaes.com.br\/?p=90582"},"modified":"2022-12-07T12:12:38","modified_gmt":"2022-12-07T15:12:38","slug":"caminhao-carregado-com-colchao-pega-fogo-em-caruaru","status":"publish","type":"post","link":"https:\/\/blogdoedvaldomagalhaes.com.br\/index.php\/2022\/12\/07\/caminhao-carregado-com-colchao-pega-fogo-em-caruaru\/","title":{"rendered":"Caminh\u00e3o carregado com colch\u00e3o pega fogo, em Caruaru"},"content":{"rendered":"<p style=\"text-align: justify;\">Um caminh\u00e3o carregado de colch\u00f5es bateu em um fio da rede el\u00e9trica e pegou fogo, na rua M\u00e1rio Pederneira, no bairro S\u00e3o Jo\u00e3o da Esc\u00f3cia, em Caruaru, na manh\u00e3 desta quarta-feira (07). O caminh\u00e3o e toda carga ficaram destru\u00eddos pelas chamas. Uma equipe do Corpo de Bombeiros esteve no local. Ningu\u00e9m se feriu.<\/p>\n<p style=\"text-align: justify;\">Siga o Instagram do Blog @blogdoedvaldomagalhaes<\/p>\n\n\n<figure class=\"wp-block-image size-full\"><img loading=\"lazy\" decoding=\"async\" width=\"589\" height=\"492\" src=\"https:\/\/blogdoedvaldomagalhaes.com.br\/wp-content\/uploads\/2022\/12\/IMG-20221207-WA00912.jpg\" alt=\"\" class=\"wp-image-90584\" srcset=\"https:\/\/blogdoedvaldomagalhaes.com.br\/wp-content\/uploads\/2022\/12\/IMG-20221207-WA00912.jpg 589w, https:\/\/blogdoedvaldomagalhaes.com.br\/wp-content\/uploads\/2022\/12\/IMG-20221207-WA00912-300x251.jpg 300w\" sizes=\"auto, (max-width: 589px) 100vw, 589px\" \/><figcaption>Fotos: Kalebe Pereira<\/figcaption><\/figure>\n","protected":false},"excerpt":{"rendered":"<p>Um caminh\u00e3o carregado de colch\u00f5es bateu em um fio da rede el\u00e9trica e pegou fogo, na rua M\u00e1rio Pederneira, no&hellip;<\/p>\n","protected":false},"author":1,"featured_media":90583,"comment_status":"closed","ping_status":"open","sticky":false,"template":"","format":"standard","meta":{"footnotes":""},"categories":[14120],"tags":[2,19532,26251,3406],"class_list":["post-90582","post","type-post","status-publish","format-standard","has-post-thumbnail","hentry","category-noticias","tag-blog-do-edvaldo-magalhaes","tag-blog-mais-acessado-e-visualizado-de-caruaru-e-regiao","tag-caminhao-carregado-com-colchao-pega-fogo-em-caruaru","tag-caruaru"],"_links":{"self":[{"href":"https:\/\/blogdoedvaldomagalhaes.com.br\/index.php\/wp-json\/wp\/v2\/posts\/90582","targetHints":{"allow":["GET"]}}],"collection":[{"href":"https:\/\/blogdoedvaldomagalhaes.com.br\/index.php\/wp-json\/wp\/v2\/posts"}],"about":[{"href":"https:\/\/blogdoedvaldomagalhaes.com.br\/index.php\/wp-json\/wp\/v2\/types\/post"}],"author":[{"embeddable":true,"href":"https:\/\/blogdoedvaldomagalhaes.com.br\/index.php\/wp-json\/wp\/v2\/users\/1"}],"replies":[{"embeddable":true,"href":"https:\/\/blogdoedvaldomagalhaes.com.br\/index.php\/wp-json\/wp\/v2\/comments?post=90582"}],"version-history":[{"count":1,"href":"https:\/\/blogdoedvaldomagalhaes.com.br\/index.php\/wp-json\/wp\/v2\/posts\/90582\/revisions"}],"predecessor-version":[{"id":90585,"href":"https:\/\/blogdoedvaldomagalhaes.com.br\/index.php\/wp-json\/wp\/v2\/posts\/90582\/revisions\/90585"}],"wp:featuredmedia":[{"embeddable":true,"href":"https:\/\/blogdoedvaldomagalhaes.com.br\/index.php\/wp-json\/wp\/v2\/media\/90583"}],"wp:attachment":[{"href":"https:\/\/blogdoedvaldomagalhaes.com.br\/index.php\/wp-json\/wp\/v2\/media?parent=90582"}],"wp:term":[{"taxonomy":"category","embeddable":true,"href":"https:\/\/blogdoedvaldomagalhaes.com.br\/index.php\/wp-json\/wp\/v2\/categories?post=90582"},{"taxonomy":"post_tag","embeddable":true,"href":"https:\/\/blogdoedvaldomagalhaes.com.br\/index.php\/wp-json\/wp\/v2\/tags?post=90582"}],"curies":[{"name":"wp","href":"https:\/\/api.w.org\/{rel}","templated":true}]}}