{"id":90575,"date":"2022-12-07T10:21:42","date_gmt":"2022-12-07T13:21:42","guid":{"rendered":"https:\/\/blogdoedvaldomagalhaes.com.br\/?p=90575"},"modified":"2022-12-07T12:26:28","modified_gmt":"2022-12-07T15:26:28","slug":"comerciante-e-assassinado-durante-assalto-em-caruaru","status":"publish","type":"post","link":"https:\/\/blogdoedvaldomagalhaes.com.br\/index.php\/2022\/12\/07\/comerciante-e-assassinado-durante-assalto-em-caruaru\/","title":{"rendered":"Comerciante \u00e9 assassinado durante assalto em Caruaru"},"content":{"rendered":"<p style=\"text-align: justify;\">Um homic\u00eddio foi registrado na manh\u00e3 desta quarta-feira (07), na Vila Taquara de Baixo, zona rural de Caruaru. A v\u00edtima foi Ederaldo Santos Silva, 40 anos de idade, conhecido como &#8220;Dero das frutas&#8221;,\u00a0 comerciante, que morava na localidade, e foi assassinado a tiros, quando trabalhava.<\/p>\n<p style=\"text-align: justify;\">Segundo informa\u00e7\u00f5es, um indiv\u00edduo chegou em uma motocicleta Honda Bros de cor branca, usando capacete vermelho, e anunciou o assalto, em seguida atirou contra o comerciante que era propriet\u00e1rio de uma quitanda e morreu no local. A<span style=\"font-size: revert; color: initial;\">p\u00f3s cometer o latroc\u00ednio o marginal ainda assaltou outros com\u00e9rcios na localidade e se evadiu sem ser identificado.<\/span><\/p>\n<p style=\"text-align: justify;\">Este foi o 4\u00b0 homic\u00eddio no m\u00eas de dezembro, e o 89\u00b0 no ano de 2022, em Caruaru.<\/p>\n<p style=\"text-align: justify;\">Siga o Instagram do Blog @blogdoedvaldomagalhaes<\/p>\n\n\n<figure class=\"wp-block-image size-full\"><img loading=\"lazy\" decoding=\"async\" width=\"720\" height=\"683\" src=\"https:\/\/blogdoedvaldomagalhaes.com.br\/wp-content\/uploads\/2022\/12\/IMG-20221207-WA0028.jpg\" alt=\"\" class=\"wp-image-90580\" srcset=\"https:\/\/blogdoedvaldomagalhaes.com.br\/wp-content\/uploads\/2022\/12\/IMG-20221207-WA0028.jpg 720w, https:\/\/blogdoedvaldomagalhaes.com.br\/wp-content\/uploads\/2022\/12\/IMG-20221207-WA0028-300x285.jpg 300w\" sizes=\"auto, (max-width: 720px) 100vw, 720px\" \/><figcaption>V\u00edtima <\/figcaption><\/figure>\n","protected":false},"excerpt":{"rendered":"<p>Um homic\u00eddio foi registrado na manh\u00e3 desta quarta-feira (07), na Vila Taquara de Baixo, zona rural de Caruaru. A v\u00edtima&hellip;<\/p>\n","protected":false},"author":1,"featured_media":90576,"comment_status":"closed","ping_status":"open","sticky":false,"template":"","format":"standard","meta":{"footnotes":""},"categories":[14121],"tags":[2,19532,3406,26250],"class_list":["post-90575","post","type-post","status-publish","format-standard","has-post-thumbnail","hentry","category-policial","tag-blog-do-edvaldo-magalhaes","tag-blog-mais-acessado-e-visualizado-de-caruaru-e-regiao","tag-caruaru","tag-comerciante-e-assassinado-durante-assalto-em-caruaru"],"_links":{"self":[{"href":"https:\/\/blogdoedvaldomagalhaes.com.br\/index.php\/wp-json\/wp\/v2\/posts\/90575","targetHints":{"allow":["GET"]}}],"collection":[{"href":"https:\/\/blogdoedvaldomagalhaes.com.br\/index.php\/wp-json\/wp\/v2\/posts"}],"about":[{"href":"https:\/\/blogdoedvaldomagalhaes.com.br\/index.php\/wp-json\/wp\/v2\/types\/post"}],"author":[{"embeddable":true,"href":"https:\/\/blogdoedvaldomagalhaes.com.br\/index.php\/wp-json\/wp\/v2\/users\/1"}],"replies":[{"embeddable":true,"href":"https:\/\/blogdoedvaldomagalhaes.com.br\/index.php\/wp-json\/wp\/v2\/comments?post=90575"}],"version-history":[{"count":4,"href":"https:\/\/blogdoedvaldomagalhaes.com.br\/index.php\/wp-json\/wp\/v2\/posts\/90575\/revisions"}],"predecessor-version":[{"id":90590,"href":"https:\/\/blogdoedvaldomagalhaes.com.br\/index.php\/wp-json\/wp\/v2\/posts\/90575\/revisions\/90590"}],"wp:featuredmedia":[{"embeddable":true,"href":"https:\/\/blogdoedvaldomagalhaes.com.br\/index.php\/wp-json\/wp\/v2\/media\/90576"}],"wp:attachment":[{"href":"https:\/\/blogdoedvaldomagalhaes.com.br\/index.php\/wp-json\/wp\/v2\/media?parent=90575"}],"wp:term":[{"taxonomy":"category","embeddable":true,"href":"https:\/\/blogdoedvaldomagalhaes.com.br\/index.php\/wp-json\/wp\/v2\/categories?post=90575"},{"taxonomy":"post_tag","embeddable":true,"href":"https:\/\/blogdoedvaldomagalhaes.com.br\/index.php\/wp-json\/wp\/v2\/tags?post=90575"}],"curies":[{"name":"wp","href":"https:\/\/api.w.org\/{rel}","templated":true}]}}