{"id":90572,"date":"2022-12-07T09:03:49","date_gmt":"2022-12-07T12:03:49","guid":{"rendered":"https:\/\/blogdoedvaldomagalhaes.com.br\/?p=90572"},"modified":"2022-12-07T09:03:50","modified_gmt":"2022-12-07T12:03:50","slug":"mulher-e-presa-por-trafico-em-gravata","status":"publish","type":"post","link":"https:\/\/blogdoedvaldomagalhaes.com.br\/index.php\/2022\/12\/07\/mulher-e-presa-por-trafico-em-gravata\/","title":{"rendered":"Mulher \u00e9 presa por tr\u00e1fico em Gravat\u00e1"},"content":{"rendered":"<p style=\"text-align: justify;\"><span style=\"font-size: revert; color: initial;\">Uma mulher foi presa, ter\u00e7a-feira (06\/12), por policiais militares da 5\u00aa CIPM, na Rua Teodomiro Valoes, em Jardim Petrop\u00f3lis, Gravat\u00e1, no Agreste pernambucano. O efetivo recebeu informa\u00e7\u00f5es sobre tr\u00e1fico de drogas no local e montou um cerco no per\u00edmetro, localizando a esposa do homem apontado como respons\u00e1vel pelo com\u00e9rcio de entorpecentes.<\/span><\/p>\n<p style=\"text-align: justify;\">Em sua resid\u00eancia, foram apreendidos 2,2 kg de maconha, 16 papelotes de coca\u00edna, uma balan\u00e7a de precis\u00e3o e R$ 41,00 em esp\u00e9cie. Diante dos fatos, a envolvida foi conduzida para a Delegacia de Vit\u00f3ria de Santo Ant\u00e3o, onde foi autuada em flagrante pelo crime. Foto: Divulga\u00e7\u00e3o\/PMPE.<\/p>\n<p style=\"text-align: justify;\">Siga o Instagram do Blog @blogdoedvaldomagalhaes<\/p>\n","protected":false},"excerpt":{"rendered":"<p>Uma mulher foi presa, ter\u00e7a-feira (06\/12), por policiais militares da 5\u00aa CIPM, na Rua Teodomiro Valoes, em Jardim Petrop\u00f3lis, Gravat\u00e1,&hellip;<\/p>\n","protected":false},"author":1,"featured_media":90573,"comment_status":"closed","ping_status":"open","sticky":false,"template":"","format":"standard","meta":{"footnotes":""},"categories":[14121],"tags":[2,19532,3406,26249],"class_list":["post-90572","post","type-post","status-publish","format-standard","has-post-thumbnail","hentry","category-policial","tag-blog-do-edvaldo-magalhaes","tag-blog-mais-acessado-e-visualizado-de-caruaru-e-regiao","tag-caruaru","tag-mulher-e-presa-por-trafico-em-gravata"],"_links":{"self":[{"href":"https:\/\/blogdoedvaldomagalhaes.com.br\/index.php\/wp-json\/wp\/v2\/posts\/90572","targetHints":{"allow":["GET"]}}],"collection":[{"href":"https:\/\/blogdoedvaldomagalhaes.com.br\/index.php\/wp-json\/wp\/v2\/posts"}],"about":[{"href":"https:\/\/blogdoedvaldomagalhaes.com.br\/index.php\/wp-json\/wp\/v2\/types\/post"}],"author":[{"embeddable":true,"href":"https:\/\/blogdoedvaldomagalhaes.com.br\/index.php\/wp-json\/wp\/v2\/users\/1"}],"replies":[{"embeddable":true,"href":"https:\/\/blogdoedvaldomagalhaes.com.br\/index.php\/wp-json\/wp\/v2\/comments?post=90572"}],"version-history":[{"count":1,"href":"https:\/\/blogdoedvaldomagalhaes.com.br\/index.php\/wp-json\/wp\/v2\/posts\/90572\/revisions"}],"predecessor-version":[{"id":90574,"href":"https:\/\/blogdoedvaldomagalhaes.com.br\/index.php\/wp-json\/wp\/v2\/posts\/90572\/revisions\/90574"}],"wp:featuredmedia":[{"embeddable":true,"href":"https:\/\/blogdoedvaldomagalhaes.com.br\/index.php\/wp-json\/wp\/v2\/media\/90573"}],"wp:attachment":[{"href":"https:\/\/blogdoedvaldomagalhaes.com.br\/index.php\/wp-json\/wp\/v2\/media?parent=90572"}],"wp:term":[{"taxonomy":"category","embeddable":true,"href":"https:\/\/blogdoedvaldomagalhaes.com.br\/index.php\/wp-json\/wp\/v2\/categories?post=90572"},{"taxonomy":"post_tag","embeddable":true,"href":"https:\/\/blogdoedvaldomagalhaes.com.br\/index.php\/wp-json\/wp\/v2\/tags?post=90572"}],"curies":[{"name":"wp","href":"https:\/\/api.w.org\/{rel}","templated":true}]}}