{"id":90566,"date":"2022-12-07T08:46:02","date_gmt":"2022-12-07T11:46:02","guid":{"rendered":"https:\/\/blogdoedvaldomagalhaes.com.br\/?p=90566"},"modified":"2022-12-07T08:53:54","modified_gmt":"2022-12-07T11:53:54","slug":"premio-baker-top-2022-paes-e-delicias-esta-entre-as-100-melhores-padarias-do-brasil","status":"publish","type":"post","link":"https:\/\/blogdoedvaldomagalhaes.com.br\/index.php\/2022\/12\/07\/premio-baker-top-2022-paes-e-delicias-esta-entre-as-100-melhores-padarias-do-brasil\/","title":{"rendered":"Pr\u00eamio Baker Top 2022: P\u00e3es e Del\u00edcias est\u00e1 entre as 100 melhores padarias do Brasil"},"content":{"rendered":"<p style=\"text-align: justify;\">Mais uma vez a P\u00e3es e Del\u00edcias conquista o Pr\u00eamio Baker Top 2022. A premia\u00e7\u00e3o destaca as 100 melhores padarias do Brasil, e a P\u00e3es est\u00e1 entre elas, pela oitava vez. A escolha \u00e9 realizada por jurados ligados ao segmento e o pr\u00eamio \u00e9 o Oscar das padarias, criado com o intuito de premiar a excel\u00eancia e a qualidade dos produtos e servi\u00e7os no setor de panifica\u00e7\u00e3o e confeitaria.<\/p>\n<p style=\"text-align: justify;\">O Pr\u00eamio Baker Top \u00e9 o mais reconhecido e prestigiado do segmento e representa a consagra\u00e7\u00e3o para as padarias do pa\u00eds, atrav\u00e9s do trabalho realizado. A premia\u00e7\u00e3o \u00e9 organizada pela revista \u201cPadaria 2000\u201d.<\/p>\n<p style=\"text-align: justify;\">\u201cA premia\u00e7\u00e3o pela oitava vez s\u00f3 refor\u00e7a a certeza que estamos trabalhando corretamente parra oferecer os melhores produtos aos nossos clientes, sempre inovando e conquistando a prefer\u00eancia da clientela\u201d, afirma o empres\u00e1rio Eli James Laureano, que divide o sucesso da premia\u00e7\u00e3o ao trabalho de uma equipe dedicada e de toda a fam\u00edlia envolvida. Ele acredita que oferecer alimenta\u00e7\u00e3o diferenciada, desde a aquisi\u00e7\u00e3o da mat\u00e9ria-prima a condu\u00e7\u00e3o e manuseio dos produtos para a mesa do cliente, tem sido o grande objetivo da empresa P\u00e3es e Del\u00edcias. Foto: Divulga\u00e7\u00e3o.<\/p>\n<p style=\"text-align: justify;\">Siga o Instagram do Blog @blogdoedvaldomagalhaes<\/p>\n","protected":false},"excerpt":{"rendered":"<p>Mais uma vez a P\u00e3es e Del\u00edcias conquista o Pr\u00eamio Baker Top 2022. A premia\u00e7\u00e3o destaca as 100 melhores padarias&hellip;<\/p>\n","protected":false},"author":1,"featured_media":90567,"comment_status":"closed","ping_status":"open","sticky":false,"template":"","format":"standard","meta":{"footnotes":""},"categories":[14120],"tags":[2,19532,3406,26248],"class_list":["post-90566","post","type-post","status-publish","format-standard","has-post-thumbnail","hentry","category-noticias","tag-blog-do-edvaldo-magalhaes","tag-blog-mais-acessado-e-visualizado-de-caruaru-e-regiao","tag-caruaru","tag-premio-baker-top-2022-paes-e-delicias-esta-entre-as-100-melhores-padarias-do-brasil"],"_links":{"self":[{"href":"https:\/\/blogdoedvaldomagalhaes.com.br\/index.php\/wp-json\/wp\/v2\/posts\/90566","targetHints":{"allow":["GET"]}}],"collection":[{"href":"https:\/\/blogdoedvaldomagalhaes.com.br\/index.php\/wp-json\/wp\/v2\/posts"}],"about":[{"href":"https:\/\/blogdoedvaldomagalhaes.com.br\/index.php\/wp-json\/wp\/v2\/types\/post"}],"author":[{"embeddable":true,"href":"https:\/\/blogdoedvaldomagalhaes.com.br\/index.php\/wp-json\/wp\/v2\/users\/1"}],"replies":[{"embeddable":true,"href":"https:\/\/blogdoedvaldomagalhaes.com.br\/index.php\/wp-json\/wp\/v2\/comments?post=90566"}],"version-history":[{"count":3,"href":"https:\/\/blogdoedvaldomagalhaes.com.br\/index.php\/wp-json\/wp\/v2\/posts\/90566\/revisions"}],"predecessor-version":[{"id":90570,"href":"https:\/\/blogdoedvaldomagalhaes.com.br\/index.php\/wp-json\/wp\/v2\/posts\/90566\/revisions\/90570"}],"wp:featuredmedia":[{"embeddable":true,"href":"https:\/\/blogdoedvaldomagalhaes.com.br\/index.php\/wp-json\/wp\/v2\/media\/90567"}],"wp:attachment":[{"href":"https:\/\/blogdoedvaldomagalhaes.com.br\/index.php\/wp-json\/wp\/v2\/media?parent=90566"}],"wp:term":[{"taxonomy":"category","embeddable":true,"href":"https:\/\/blogdoedvaldomagalhaes.com.br\/index.php\/wp-json\/wp\/v2\/categories?post=90566"},{"taxonomy":"post_tag","embeddable":true,"href":"https:\/\/blogdoedvaldomagalhaes.com.br\/index.php\/wp-json\/wp\/v2\/tags?post=90566"}],"curies":[{"name":"wp","href":"https:\/\/api.w.org\/{rel}","templated":true}]}}