{"id":90562,"date":"2022-12-07T08:07:56","date_gmt":"2022-12-07T11:07:56","guid":{"rendered":"https:\/\/blogdoedvaldomagalhaes.com.br\/?p=90562"},"modified":"2022-12-07T08:55:05","modified_gmt":"2022-12-07T11:55:05","slug":"onibus-que-transportava-estudantes-universitarios-capota","status":"publish","type":"post","link":"https:\/\/blogdoedvaldomagalhaes.com.br\/index.php\/2022\/12\/07\/onibus-que-transportava-estudantes-universitarios-capota\/","title":{"rendered":"\u00d4nibus que transportava estudantes universit\u00e1rios capota"},"content":{"rendered":"<p style=\"text-align: justify;\">Por volta das 19h ocorreu um sinistro no Km 100 da BR 423, em Garanhuns.<\/p>\n<p style=\"text-align: justify;\">De acordo com informa\u00e7\u00f5es colhidas no local, o motorista de um \u00f4nibus escolar desceu um declive (ladeira), saiu da pista e tombou fora da rodovia. A *suspeita* \u00e9 de que o ve\u00edculo teve uma pane mec\u00e2nica.<\/p>\n<p style=\"text-align: justify;\">O motorista n\u00e3o estava no local quando a viatura chegou, mas se apresentou posteriormente no posto da PRF de Garanhuns.<\/p>\n<p style=\"text-align: justify;\">O condutor realizou o teste do baf\u00f4metro e o resultado foi normal. Ele disse que havia cerca de 46 pessoas no \u00f4nibus.<\/p>\n<p style=\"text-align: justify;\">28 pessoas deram entrada no hospital Dom Moura em Garanhuns. A equipe verificou que nenhum passageiro teve ferimentos graves, apenas ferimentos leves.<\/p>\n<p style=\"text-align: justify;\">O \u00f4nibus havia sa\u00eddo de \u00c1guas Belas e levava estudantes universit\u00e1rios para Garanhuns.<\/p>\n<p style=\"text-align: justify;\">O \u00f4nibus n\u00e3o tem caracteriza\u00e7\u00e3o de escolar e estava com o licenciamento em dia.\u00a0 O<span style=\"font-size: revert; color: initial;\">\u00a0motorista possui o curso especializado de transporte coletivo de passageiros.<\/span><\/p>\n<p style=\"text-align: justify;\">Siga o Instagram do Blog @blogdoedvaldomagalhaes<\/p>\n\n\n<figure class=\"wp-block-image size-large\"><img loading=\"lazy\" decoding=\"async\" width=\"1024\" height=\"768\" src=\"https:\/\/blogdoedvaldomagalhaes.com.br\/wp-content\/uploads\/2022\/12\/IMG-20221207-WA0003-1024x768.jpg\" alt=\"\" class=\"wp-image-90564\" srcset=\"https:\/\/blogdoedvaldomagalhaes.com.br\/wp-content\/uploads\/2022\/12\/IMG-20221207-WA0003-1024x768.jpg 1024w, https:\/\/blogdoedvaldomagalhaes.com.br\/wp-content\/uploads\/2022\/12\/IMG-20221207-WA0003-300x225.jpg 300w, https:\/\/blogdoedvaldomagalhaes.com.br\/wp-content\/uploads\/2022\/12\/IMG-20221207-WA0003-768x576.jpg 768w, https:\/\/blogdoedvaldomagalhaes.com.br\/wp-content\/uploads\/2022\/12\/IMG-20221207-WA0003-1536x1153.jpg 1536w, https:\/\/blogdoedvaldomagalhaes.com.br\/wp-content\/uploads\/2022\/12\/IMG-20221207-WA0003-160x120.jpg 160w, https:\/\/blogdoedvaldomagalhaes.com.br\/wp-content\/uploads\/2022\/12\/IMG-20221207-WA0003.jpg 1599w\" sizes=\"auto, (max-width: 1024px) 100vw, 1024px\" \/><figcaption>Fotos: Divulga\u00e7\u00e3o\/PRF<\/figcaption><\/figure>\n","protected":false},"excerpt":{"rendered":"<p>Por volta das 19h ocorreu um sinistro no Km 100 da BR 423, em Garanhuns. De acordo com informa\u00e7\u00f5es colhidas&hellip;<\/p>\n","protected":false},"author":1,"featured_media":90563,"comment_status":"closed","ping_status":"open","sticky":false,"template":"","format":"standard","meta":{"footnotes":""},"categories":[14120],"tags":[2,19532,3406,26247],"class_list":["post-90562","post","type-post","status-publish","format-standard","has-post-thumbnail","hentry","category-noticias","tag-blog-do-edvaldo-magalhaes","tag-blog-mais-acessado-e-visualizado-de-caruaru-e-regiao","tag-caruaru","tag-onibus-que-transportava-estudantes-universitarios-capota"],"_links":{"self":[{"href":"https:\/\/blogdoedvaldomagalhaes.com.br\/index.php\/wp-json\/wp\/v2\/posts\/90562","targetHints":{"allow":["GET"]}}],"collection":[{"href":"https:\/\/blogdoedvaldomagalhaes.com.br\/index.php\/wp-json\/wp\/v2\/posts"}],"about":[{"href":"https:\/\/blogdoedvaldomagalhaes.com.br\/index.php\/wp-json\/wp\/v2\/types\/post"}],"author":[{"embeddable":true,"href":"https:\/\/blogdoedvaldomagalhaes.com.br\/index.php\/wp-json\/wp\/v2\/users\/1"}],"replies":[{"embeddable":true,"href":"https:\/\/blogdoedvaldomagalhaes.com.br\/index.php\/wp-json\/wp\/v2\/comments?post=90562"}],"version-history":[{"count":2,"href":"https:\/\/blogdoedvaldomagalhaes.com.br\/index.php\/wp-json\/wp\/v2\/posts\/90562\/revisions"}],"predecessor-version":[{"id":90571,"href":"https:\/\/blogdoedvaldomagalhaes.com.br\/index.php\/wp-json\/wp\/v2\/posts\/90562\/revisions\/90571"}],"wp:featuredmedia":[{"embeddable":true,"href":"https:\/\/blogdoedvaldomagalhaes.com.br\/index.php\/wp-json\/wp\/v2\/media\/90563"}],"wp:attachment":[{"href":"https:\/\/blogdoedvaldomagalhaes.com.br\/index.php\/wp-json\/wp\/v2\/media?parent=90562"}],"wp:term":[{"taxonomy":"category","embeddable":true,"href":"https:\/\/blogdoedvaldomagalhaes.com.br\/index.php\/wp-json\/wp\/v2\/categories?post=90562"},{"taxonomy":"post_tag","embeddable":true,"href":"https:\/\/blogdoedvaldomagalhaes.com.br\/index.php\/wp-json\/wp\/v2\/tags?post=90562"}],"curies":[{"name":"wp","href":"https:\/\/api.w.org\/{rel}","templated":true}]}}