{"id":90557,"date":"2022-12-06T22:30:26","date_gmt":"2022-12-07T01:30:26","guid":{"rendered":"https:\/\/blogdoedvaldomagalhaes.com.br\/?p=90557"},"modified":"2022-12-06T22:34:09","modified_gmt":"2022-12-07T01:34:09","slug":"pai-de-dois-filhos-e-assassinado-na-frente-de-igreja-em-caruaru","status":"publish","type":"post","link":"https:\/\/blogdoedvaldomagalhaes.com.br\/index.php\/2022\/12\/06\/pai-de-dois-filhos-e-assassinado-na-frente-de-igreja-em-caruaru\/","title":{"rendered":"Pai de duas filhas \u00e9 assassinado na frente de igreja em Caruaru"},"content":{"rendered":"<p style=\"text-align: justify;\">Um homic\u00eddio foi registrado na noite desta ter\u00e7a-feira (06), enfrente a Igreja de Nossa Senhora das Gra\u00e7as, no bairro Cidade Jardim, em Caruaru. A v\u00edtima foi Felipe Alves dos Santos, 32 anos, solteiro, e pai de duas filhas, foi assassinado a tiros.<\/p>\n<p style=\"text-align: justify;\">Este foi o 3\u00b0 homic\u00eddio no m\u00eas de dezembro, e o 88\u00b0 no ano de 2022, em Caruaru.<\/p>\n<p style=\"text-align: justify;\">Siga o Instagram do Blog @blogdoedvaldomagalhaes<\/p>\n","protected":false},"excerpt":{"rendered":"<p>Um homic\u00eddio foi registrado na noite desta ter\u00e7a-feira (06), enfrente a Igreja de Nossa Senhora das Gra\u00e7as, no bairro Cidade&hellip;<\/p>\n","protected":false},"author":1,"featured_media":90558,"comment_status":"closed","ping_status":"open","sticky":false,"template":"","format":"standard","meta":{"footnotes":""},"categories":[14121],"tags":[2,19532,3406,5448,26246],"class_list":["post-90557","post","type-post","status-publish","format-standard","has-post-thumbnail","hentry","category-policial","tag-blog-do-edvaldo-magalhaes","tag-blog-mais-acessado-e-visualizado-de-caruaru-e-regiao","tag-caruaru","tag-homicidio","tag-pai-de-dois-filhos-e-assassinado-na-frente-de-igreja-em-caruaru"],"_links":{"self":[{"href":"https:\/\/blogdoedvaldomagalhaes.com.br\/index.php\/wp-json\/wp\/v2\/posts\/90557","targetHints":{"allow":["GET"]}}],"collection":[{"href":"https:\/\/blogdoedvaldomagalhaes.com.br\/index.php\/wp-json\/wp\/v2\/posts"}],"about":[{"href":"https:\/\/blogdoedvaldomagalhaes.com.br\/index.php\/wp-json\/wp\/v2\/types\/post"}],"author":[{"embeddable":true,"href":"https:\/\/blogdoedvaldomagalhaes.com.br\/index.php\/wp-json\/wp\/v2\/users\/1"}],"replies":[{"embeddable":true,"href":"https:\/\/blogdoedvaldomagalhaes.com.br\/index.php\/wp-json\/wp\/v2\/comments?post=90557"}],"version-history":[{"count":2,"href":"https:\/\/blogdoedvaldomagalhaes.com.br\/index.php\/wp-json\/wp\/v2\/posts\/90557\/revisions"}],"predecessor-version":[{"id":90560,"href":"https:\/\/blogdoedvaldomagalhaes.com.br\/index.php\/wp-json\/wp\/v2\/posts\/90557\/revisions\/90560"}],"wp:featuredmedia":[{"embeddable":true,"href":"https:\/\/blogdoedvaldomagalhaes.com.br\/index.php\/wp-json\/wp\/v2\/media\/90558"}],"wp:attachment":[{"href":"https:\/\/blogdoedvaldomagalhaes.com.br\/index.php\/wp-json\/wp\/v2\/media?parent=90557"}],"wp:term":[{"taxonomy":"category","embeddable":true,"href":"https:\/\/blogdoedvaldomagalhaes.com.br\/index.php\/wp-json\/wp\/v2\/categories?post=90557"},{"taxonomy":"post_tag","embeddable":true,"href":"https:\/\/blogdoedvaldomagalhaes.com.br\/index.php\/wp-json\/wp\/v2\/tags?post=90557"}],"curies":[{"name":"wp","href":"https:\/\/api.w.org\/{rel}","templated":true}]}}