{"id":90553,"date":"2022-12-06T20:51:23","date_gmt":"2022-12-06T23:51:23","guid":{"rendered":"https:\/\/blogdoedvaldomagalhaes.com.br\/?p=90553"},"modified":"2022-12-06T20:51:24","modified_gmt":"2022-12-06T23:51:24","slug":"petrobras-reduz-precos-da-gasolina-e-do-diesel-para-as-distribuidoras","status":"publish","type":"post","link":"https:\/\/blogdoedvaldomagalhaes.com.br\/index.php\/2022\/12\/06\/petrobras-reduz-precos-da-gasolina-e-do-diesel-para-as-distribuidoras\/","title":{"rendered":"Petrobras reduz pre\u00e7os da gasolina e do diesel para as distribuidoras"},"content":{"rendered":"<p style=\"text-align: justify;\">A Petrobras anunciou nesta ter\u00e7a-feira (6), no Rio de Janeiro, que os pre\u00e7os m\u00e9dios de venda do diesel A e da gasolina A para as distribuidoras ser\u00e1 reduzido a partir desta quarta-feira (7).<\/p>\n<p style=\"text-align: justify;\">Para a gasolina A, o pre\u00e7o m\u00e9dio de venda da Petrobras para as distribuidoras passar\u00e1 de R$ 3,28 para R$ 3,08 o litro, com diminui\u00e7\u00e3o de R$ 0,20 por litro, equivalente a cerca de 6,1%.<\/p>\n<p style=\"text-align: justify;\">Com o ajuste, a parcela da Petrobras no pre\u00e7o final deve ser de R$ 2,25 por litro, em m\u00e9dia, j\u00e1 que o produto final vendido nos postos tem uma mistura obrigat\u00f3ria de 73% de gasolina A e 27% de etanol anidro.<\/p>\n<p style=\"text-align: justify;\">J\u00e1 o ajuste do diesel A vendido pela estatal \u00e0s distribuidoras cair\u00e1 de R$ 4,89 para R$ 4,49 por litro, uma redu\u00e7\u00e3o de cerca de 8,2% ou R$ 0,40 por litro.<\/p>\n<h2 style=\"text-align: justify;\">Parcela<\/h2>\n<p style=\"text-align: justify;\">A Petrobras calculou que, considerando a mistura obrigat\u00f3ria de 90% de diesel A e 10% de biodiesel antes da venda ao consumidor final, a parcela da estatal no pre\u00e7o ao consumidor ser\u00e1, em m\u00e9dia, R$ 4,04 a cada litro vendido na bomba.<\/p>\n<p>A empresa petrol\u00edfera afirmou, ainda, que as redu\u00e7\u00f5es anunciadas hoje acompanham a evolu\u00e7\u00e3o dos pre\u00e7os de refer\u00eancia, sendo coerentes com a sua pr\u00e1tica de pre\u00e7os. O pre\u00e7o da gasolina n\u00e3o era alterado pela Petrobras desde 2 de setembro. O do diesel permanecia inalterado desde 20 de setembro.<\/p>\n<p style=\"text-align: justify;\">Da Ag\u00eancia Brasil.<\/p>\n","protected":false},"excerpt":{"rendered":"<p>A Petrobras anunciou nesta ter\u00e7a-feira (6), no Rio de Janeiro, que os pre\u00e7os m\u00e9dios de venda do diesel A e&hellip;<\/p>\n","protected":false},"author":1,"featured_media":90554,"comment_status":"closed","ping_status":"open","sticky":false,"template":"","format":"standard","meta":{"footnotes":""},"categories":[14120],"tags":[2,19532,3406,26245],"class_list":["post-90553","post","type-post","status-publish","format-standard","has-post-thumbnail","hentry","category-noticias","tag-blog-do-edvaldo-magalhaes","tag-blog-mais-acessado-e-visualizado-de-caruaru-e-regiao","tag-caruaru","tag-petrobras-reduz-precos-da-gasolina-e-do-diesel-para-as-distribuidoras"],"_links":{"self":[{"href":"https:\/\/blogdoedvaldomagalhaes.com.br\/index.php\/wp-json\/wp\/v2\/posts\/90553","targetHints":{"allow":["GET"]}}],"collection":[{"href":"https:\/\/blogdoedvaldomagalhaes.com.br\/index.php\/wp-json\/wp\/v2\/posts"}],"about":[{"href":"https:\/\/blogdoedvaldomagalhaes.com.br\/index.php\/wp-json\/wp\/v2\/types\/post"}],"author":[{"embeddable":true,"href":"https:\/\/blogdoedvaldomagalhaes.com.br\/index.php\/wp-json\/wp\/v2\/users\/1"}],"replies":[{"embeddable":true,"href":"https:\/\/blogdoedvaldomagalhaes.com.br\/index.php\/wp-json\/wp\/v2\/comments?post=90553"}],"version-history":[{"count":1,"href":"https:\/\/blogdoedvaldomagalhaes.com.br\/index.php\/wp-json\/wp\/v2\/posts\/90553\/revisions"}],"predecessor-version":[{"id":90555,"href":"https:\/\/blogdoedvaldomagalhaes.com.br\/index.php\/wp-json\/wp\/v2\/posts\/90553\/revisions\/90555"}],"wp:featuredmedia":[{"embeddable":true,"href":"https:\/\/blogdoedvaldomagalhaes.com.br\/index.php\/wp-json\/wp\/v2\/media\/90554"}],"wp:attachment":[{"href":"https:\/\/blogdoedvaldomagalhaes.com.br\/index.php\/wp-json\/wp\/v2\/media?parent=90553"}],"wp:term":[{"taxonomy":"category","embeddable":true,"href":"https:\/\/blogdoedvaldomagalhaes.com.br\/index.php\/wp-json\/wp\/v2\/categories?post=90553"},{"taxonomy":"post_tag","embeddable":true,"href":"https:\/\/blogdoedvaldomagalhaes.com.br\/index.php\/wp-json\/wp\/v2\/tags?post=90553"}],"curies":[{"name":"wp","href":"https:\/\/api.w.org\/{rel}","templated":true}]}}