{"id":90548,"date":"2022-12-06T20:32:32","date_gmt":"2022-12-06T23:32:32","guid":{"rendered":"https:\/\/blogdoedvaldomagalhaes.com.br\/?p=90548"},"modified":"2022-12-06T20:32:34","modified_gmt":"2022-12-06T23:32:34","slug":"dez-novos-onibus-coletivos-em-caruaru-e-binario-dos-bairros-salgado-e-sao-joao-da-escocia","status":"publish","type":"post","link":"https:\/\/blogdoedvaldomagalhaes.com.br\/index.php\/2022\/12\/06\/dez-novos-onibus-coletivos-em-caruaru-e-binario-dos-bairros-salgado-e-sao-joao-da-escocia\/","title":{"rendered":"Dez novos \u00f4nibus coletivos em Caruaru e bin\u00e1rio dos bairros Salgado e S\u00e3o Jo\u00e3o da Esc\u00f3cia"},"content":{"rendered":"<p style=\"text-align: justify;\"><span style=\"color: initial; font-size: revert;\">Na tarde desta ter\u00e7a-feira (06), o prefeito de Caruaru, Rodrigo Pinheiro, realizou a entrega de novas a\u00e7\u00f5es voltadas para a mobilidade urbana no munic\u00edpio. Na ocasi\u00e3o, foi entregue \u00e0 popula\u00e7\u00e3o o bin\u00e1rio dos bairros do Salgado e S\u00e3o Jo\u00e3o da Esc\u00f3cia, a integra\u00e7\u00e3o temporal, que passa a ser definitiva, e dez novos \u00f4nibus, da concession\u00e1ria Coletivos, que faz parte do sistema de transporte p\u00fablico municipal.<\/span><\/p>\n<p style=\"text-align: justify;\">BIN\u00c1RIO DO SALGADO\/S\u00c3O JO\u00c3O DA ESC\u00d3CIA<\/p>\n<p style=\"text-align: justify;\">Come\u00e7ando a valer a partir desta quarta-feira (07), o bin\u00e1rio do Salgado ser\u00e1 implantado em tr\u00eas etapas: a primeira contempla as ruas Bar\u00e3o de Caruaru, Santa Luzia, Manoel Martins de Ara\u00fajo, Esdras de Farias, Carolina e rua da Montana.<\/p>\n<p style=\"text-align: justify;\">&#8220;Estamos trabalhando para cumprir desafios e melhorar a vida da popula\u00e7\u00e3o. Tanto o bin\u00e1rio do Salgado, como outros bin\u00e1rios que est\u00e3o por vir, tem o prop\u00f3sito de facilitar o ir e vir dos cidad\u00e3os. Mobilidade urbana \u00e9 proporcionar melhor qualidade de vida para todos os caruaruenses&#8221;, disse o prefeito Rodrigo Pinheiro.<\/p>\n<p style=\"text-align: justify;\"><strong>INTEGRA\u00c7\u00c3O TEMPORAL<\/strong><\/p>\n<p style=\"text-align: justify;\">A integra\u00e7\u00e3o temporal no Sistema de Transporte P\u00fablico de Caruaru funciona agora de forma definitiva, com o objetivo de integrar bairros e trazer mais facilidade para o usu\u00e1rio do sistema. Ap\u00f3s um per\u00edodo de testes com tr\u00eas linhas, o sistema foi aprovado e trar\u00e1 mais mobilidade urbana e facilidade para o usu\u00e1rio. Cada uma das tr\u00eas linhas de integra\u00e7\u00e3o tem conex\u00e3o somente com as demais linhas urbanas e rurais de seu lote de opera\u00e7\u00e3o.<\/p>\n<p style=\"text-align: justify;\">\u201cQuem ganha \u00e9 a popula\u00e7\u00e3o de Caruaru. Quanto mais vantagens e benef\u00edcios para o usu\u00e1rio de \u00f4nibus, melhor para o cidad\u00e3o. Estamos avan\u00e7ando cada dia mais com a\u00e7\u00f5es importantes e fundamentais como esta&#8221;, comentou o presidente da Autarquia de Mobilidade, Tr\u00e2nsito e Transportes de Caruaru (AMTTC), Edson N\u00f3brega.<\/p>\n<p style=\"text-align: justify;\"><strong>NOVOS \u00d4NIBUS<\/strong><\/p>\n<p style=\"text-align: justify;\">A empresa de \u00f4nibus Coletivos, que opera no Sistema de Transporte P\u00fablico Municipal realizou a entrega de dez novos \u00f4nibus, que estar\u00e3o \u00e0 disposi\u00e7\u00e3o dos passageiros para melhor comodidade e conforto dos usu\u00e1rios.<\/p>\n<p style=\"text-align: justify;\">Siga o Instagram do Blog @blogdoedvaldomagalhaes<\/p>\n\n\n<figure class=\"wp-block-image size-large\"><img loading=\"lazy\" decoding=\"async\" width=\"1024\" height=\"682\" src=\"https:\/\/blogdoedvaldomagalhaes.com.br\/wp-content\/uploads\/2022\/12\/IMG-20221206-WA0089-1024x682.jpg\" alt=\"\" class=\"wp-image-90550\" srcset=\"https:\/\/blogdoedvaldomagalhaes.com.br\/wp-content\/uploads\/2022\/12\/IMG-20221206-WA0089-1024x682.jpg 1024w, https:\/\/blogdoedvaldomagalhaes.com.br\/wp-content\/uploads\/2022\/12\/IMG-20221206-WA0089-300x200.jpg 300w, https:\/\/blogdoedvaldomagalhaes.com.br\/wp-content\/uploads\/2022\/12\/IMG-20221206-WA0089-768x511.jpg 768w, https:\/\/blogdoedvaldomagalhaes.com.br\/wp-content\/uploads\/2022\/12\/IMG-20221206-WA0089.jpg 1280w\" sizes=\"auto, (max-width: 1024px) 100vw, 1024px\" \/><\/figure>\n\n\n\n<figure class=\"wp-block-image size-large\"><img loading=\"lazy\" decoding=\"async\" width=\"1024\" height=\"682\" src=\"https:\/\/blogdoedvaldomagalhaes.com.br\/wp-content\/uploads\/2022\/12\/IMG-20221206-WA0086-1024x682.jpg\" alt=\"\" class=\"wp-image-90551\" srcset=\"https:\/\/blogdoedvaldomagalhaes.com.br\/wp-content\/uploads\/2022\/12\/IMG-20221206-WA0086-1024x682.jpg 1024w, https:\/\/blogdoedvaldomagalhaes.com.br\/wp-content\/uploads\/2022\/12\/IMG-20221206-WA0086-300x200.jpg 300w, https:\/\/blogdoedvaldomagalhaes.com.br\/wp-content\/uploads\/2022\/12\/IMG-20221206-WA0086-768x511.jpg 768w, https:\/\/blogdoedvaldomagalhaes.com.br\/wp-content\/uploads\/2022\/12\/IMG-20221206-WA0086.jpg 1280w\" sizes=\"auto, (max-width: 1024px) 100vw, 1024px\" \/><figcaption>Fotos: Jorge Farias\/PMC<\/figcaption><\/figure>\n","protected":false},"excerpt":{"rendered":"<p>Na tarde desta ter\u00e7a-feira (06), o prefeito de Caruaru, Rodrigo Pinheiro, realizou a entrega de novas a\u00e7\u00f5es voltadas para a&hellip;<\/p>\n","protected":false},"author":1,"featured_media":90549,"comment_status":"closed","ping_status":"open","sticky":false,"template":"","format":"standard","meta":{"footnotes":""},"categories":[14120],"tags":[2,19532,3406,26244],"class_list":["post-90548","post","type-post","status-publish","format-standard","has-post-thumbnail","hentry","category-noticias","tag-blog-do-edvaldo-magalhaes","tag-blog-mais-acessado-e-visualizado-de-caruaru-e-regiao","tag-caruaru","tag-dez-novos-onibus-coletivos-em-caruaru-e-binario-dos-bairros-salgado-e-sao-joao-da-escocia"],"_links":{"self":[{"href":"https:\/\/blogdoedvaldomagalhaes.com.br\/index.php\/wp-json\/wp\/v2\/posts\/90548","targetHints":{"allow":["GET"]}}],"collection":[{"href":"https:\/\/blogdoedvaldomagalhaes.com.br\/index.php\/wp-json\/wp\/v2\/posts"}],"about":[{"href":"https:\/\/blogdoedvaldomagalhaes.com.br\/index.php\/wp-json\/wp\/v2\/types\/post"}],"author":[{"embeddable":true,"href":"https:\/\/blogdoedvaldomagalhaes.com.br\/index.php\/wp-json\/wp\/v2\/users\/1"}],"replies":[{"embeddable":true,"href":"https:\/\/blogdoedvaldomagalhaes.com.br\/index.php\/wp-json\/wp\/v2\/comments?post=90548"}],"version-history":[{"count":1,"href":"https:\/\/blogdoedvaldomagalhaes.com.br\/index.php\/wp-json\/wp\/v2\/posts\/90548\/revisions"}],"predecessor-version":[{"id":90552,"href":"https:\/\/blogdoedvaldomagalhaes.com.br\/index.php\/wp-json\/wp\/v2\/posts\/90548\/revisions\/90552"}],"wp:featuredmedia":[{"embeddable":true,"href":"https:\/\/blogdoedvaldomagalhaes.com.br\/index.php\/wp-json\/wp\/v2\/media\/90549"}],"wp:attachment":[{"href":"https:\/\/blogdoedvaldomagalhaes.com.br\/index.php\/wp-json\/wp\/v2\/media?parent=90548"}],"wp:term":[{"taxonomy":"category","embeddable":true,"href":"https:\/\/blogdoedvaldomagalhaes.com.br\/index.php\/wp-json\/wp\/v2\/categories?post=90548"},{"taxonomy":"post_tag","embeddable":true,"href":"https:\/\/blogdoedvaldomagalhaes.com.br\/index.php\/wp-json\/wp\/v2\/tags?post=90548"}],"curies":[{"name":"wp","href":"https:\/\/api.w.org\/{rel}","templated":true}]}}