{"id":90542,"date":"2022-12-06T19:41:35","date_gmt":"2022-12-06T22:41:35","guid":{"rendered":"https:\/\/blogdoedvaldomagalhaes.com.br\/?p=90542"},"modified":"2022-12-06T19:48:55","modified_gmt":"2022-12-06T22:48:55","slug":"raquel-lyra-se-reune-com-prefeitos-em-caruaru-nesta-quarta-feira-7","status":"publish","type":"post","link":"https:\/\/blogdoedvaldomagalhaes.com.br\/index.php\/2022\/12\/06\/raquel-lyra-se-reune-com-prefeitos-em-caruaru-nesta-quarta-feira-7\/","title":{"rendered":"Raquel Lyra se re\u00fane com prefeitos em Caruaru, nesta quarta-feira (7)"},"content":{"rendered":"<p style=\"text-align: justify;\">A governadora eleita de Pernambuco, Raquel Lyra (PSDB), se re\u00fane, nesta quarta-feira (07), com prefeitos e prefeitas dos munic\u00edpios pernambucano, no Espa\u00e7o Renato Machado, em Caruaru. \u00c0s 14h, Raquel vai conceder entrevista coletiva e \u00e0s 14h30 inicia o encontro com os prefeitos. Nesta<span style=\"font-size: revert; color: initial;\"> reuni\u00e3o, Raquel vai falar sobre os planos para o novo governo e quer ter\u00e1 mais di\u00e1logo com gestores municipais durante o seu governo.<\/span><\/p>\n<p style=\"text-align: justify;\">Raquel Lyra (governadora eleita) e Priscila Krause (vice-governadora eleita), ser\u00e3o empossadas pelo Tribunal Regional Eleitoral de Pernambuco (TRE-PE), no dia 19 de dezembro. Foto: Divulga\u00e7\u00e3o.<\/p>\n<p style=\"text-align: justify;\">Siga o Instagram do Blog @blogdoedvaldomagalhaes<\/p>\n","protected":false},"excerpt":{"rendered":"<p>A governadora eleita de Pernambuco, Raquel Lyra (PSDB), se re\u00fane, nesta quarta-feira (07), com prefeitos e prefeitas dos munic\u00edpios pernambucano,&hellip;<\/p>\n","protected":false},"author":1,"featured_media":90543,"comment_status":"closed","ping_status":"open","sticky":false,"template":"","format":"standard","meta":{"footnotes":""},"categories":[14122],"tags":[2,19532,3406,20,26242],"class_list":["post-90542","post","type-post","status-publish","format-standard","has-post-thumbnail","hentry","category-politica","tag-blog-do-edvaldo-magalhaes","tag-blog-mais-acessado-e-visualizado-de-caruaru-e-regiao","tag-caruaru","tag-politica","tag-raquel-lyra-se-reune-com-prefeitos-em-caruaru-nesta-quarta-feira-7"],"_links":{"self":[{"href":"https:\/\/blogdoedvaldomagalhaes.com.br\/index.php\/wp-json\/wp\/v2\/posts\/90542","targetHints":{"allow":["GET"]}}],"collection":[{"href":"https:\/\/blogdoedvaldomagalhaes.com.br\/index.php\/wp-json\/wp\/v2\/posts"}],"about":[{"href":"https:\/\/blogdoedvaldomagalhaes.com.br\/index.php\/wp-json\/wp\/v2\/types\/post"}],"author":[{"embeddable":true,"href":"https:\/\/blogdoedvaldomagalhaes.com.br\/index.php\/wp-json\/wp\/v2\/users\/1"}],"replies":[{"embeddable":true,"href":"https:\/\/blogdoedvaldomagalhaes.com.br\/index.php\/wp-json\/wp\/v2\/comments?post=90542"}],"version-history":[{"count":2,"href":"https:\/\/blogdoedvaldomagalhaes.com.br\/index.php\/wp-json\/wp\/v2\/posts\/90542\/revisions"}],"predecessor-version":[{"id":90546,"href":"https:\/\/blogdoedvaldomagalhaes.com.br\/index.php\/wp-json\/wp\/v2\/posts\/90542\/revisions\/90546"}],"wp:featuredmedia":[{"embeddable":true,"href":"https:\/\/blogdoedvaldomagalhaes.com.br\/index.php\/wp-json\/wp\/v2\/media\/90543"}],"wp:attachment":[{"href":"https:\/\/blogdoedvaldomagalhaes.com.br\/index.php\/wp-json\/wp\/v2\/media?parent=90542"}],"wp:term":[{"taxonomy":"category","embeddable":true,"href":"https:\/\/blogdoedvaldomagalhaes.com.br\/index.php\/wp-json\/wp\/v2\/categories?post=90542"},{"taxonomy":"post_tag","embeddable":true,"href":"https:\/\/blogdoedvaldomagalhaes.com.br\/index.php\/wp-json\/wp\/v2\/tags?post=90542"}],"curies":[{"name":"wp","href":"https:\/\/api.w.org\/{rel}","templated":true}]}}