{"id":90539,"date":"2022-12-06T19:06:03","date_gmt":"2022-12-06T22:06:03","guid":{"rendered":"https:\/\/blogdoedvaldomagalhaes.com.br\/?p=90539"},"modified":"2022-12-06T20:17:53","modified_gmt":"2022-12-06T23:17:53","slug":"anderson-correia-promove-caominhada-solidaria-dezembro-verde","status":"publish","type":"post","link":"https:\/\/blogdoedvaldomagalhaes.com.br\/index.php\/2022\/12\/06\/anderson-correia-promove-caominhada-solidaria-dezembro-verde\/","title":{"rendered":"Anderson Correia promove \u201cC\u00e3ominhada Solid\u00e1ria Dezembro Verde\u201d"},"content":{"rendered":"<p style=\"text-align: justify;\"><span style=\"color: initial; font-size: revert;\">Com o objetivo de conscientizar as pessoas a combater o abandono e os maus-tratos contra animais, o vereador Anderson Correia promove, neste domingo (11), a \u201cC\u00e3ominhada Solid\u00e1ria Dezembro Verde\u201d, no P\u00e1tio de Evento Luiz Gonzaga, a partir das 8h. A concentra\u00e7\u00e3o ser\u00e1 no entorno da est\u00e1tua do Rei do Bai\u00e3o, onde tutores, protetores e representantes de institui\u00e7\u00f5es ligadas \u00e0 causa animal est\u00e3o presentes com seus pets, para juntos, manifestar a luta contra a pr\u00e1tica do abandono de animais.<\/span><\/p>\n<p style=\"text-align: justify;\">Na ocasi\u00e3o, todos os animais ser\u00e3o presenteados com bandanas alusivas \u00e0 campanha Dezembro Verde, al\u00e9m de sorteios de entrega de sacos de ra\u00e7\u00e3o e brindes para os pets. Ser\u00e1 um momento de muita anima\u00e7\u00e3o e conscientiza\u00e7\u00e3o, algo que \u00e9 muito ressaltado pelo parlamentar, que \u00e9 advogado animalista e refer\u00eancia nesta pauta pelos direitos dos animais.<\/p>\n<p style=\"text-align: justify;\">\u201cEsse evento ser\u00e1 diferente por duas grandes raz\u00f5es: a primeira \u00e9 a conscientiza\u00e7\u00e3o contra o abandono e maus-tratos aos animais, algo que fa\u00e7o o ano inteiro na pr\u00e1tica, sempre em defesa dos nossos animais. E a segunda \u00e9 a pr\u00e1tica da solidariedade, por meio da doa\u00e7\u00e3o de ra\u00e7\u00e3o que receberemos e vamos fazer a distribui\u00e7\u00e3o para os que mais precisam, como protetores, ONGs e tutores baixa renda. Por isso, convoco a todos a estarem com a gente no domingo, pois ser\u00e1 uma grande festa em prol dos animais. Traga seu pet e vem\u201d, destacou Anderson.<\/p>\n<p style=\"text-align: justify;\">Siga o Instagram do Blog @blogdoedvaldomagalhaes<\/p>\n","protected":false},"excerpt":{"rendered":"<p>Com o objetivo de conscientizar as pessoas a combater o abandono e os maus-tratos contra animais, o vereador Anderson Correia&hellip;<\/p>\n","protected":false},"author":1,"featured_media":90547,"comment_status":"closed","ping_status":"open","sticky":false,"template":"","format":"standard","meta":{"footnotes":""},"categories":[14120],"tags":[26241,2,19532],"class_list":["post-90539","post","type-post","status-publish","format-standard","has-post-thumbnail","hentry","category-noticias","tag-anderson-correia-promove-caominhada-solidaria-dezembro-verde","tag-blog-do-edvaldo-magalhaes","tag-blog-mais-acessado-e-visualizado-de-caruaru-e-regiao"],"_links":{"self":[{"href":"https:\/\/blogdoedvaldomagalhaes.com.br\/index.php\/wp-json\/wp\/v2\/posts\/90539","targetHints":{"allow":["GET"]}}],"collection":[{"href":"https:\/\/blogdoedvaldomagalhaes.com.br\/index.php\/wp-json\/wp\/v2\/posts"}],"about":[{"href":"https:\/\/blogdoedvaldomagalhaes.com.br\/index.php\/wp-json\/wp\/v2\/types\/post"}],"author":[{"embeddable":true,"href":"https:\/\/blogdoedvaldomagalhaes.com.br\/index.php\/wp-json\/wp\/v2\/users\/1"}],"replies":[{"embeddable":true,"href":"https:\/\/blogdoedvaldomagalhaes.com.br\/index.php\/wp-json\/wp\/v2\/comments?post=90539"}],"version-history":[{"count":1,"href":"https:\/\/blogdoedvaldomagalhaes.com.br\/index.php\/wp-json\/wp\/v2\/posts\/90539\/revisions"}],"predecessor-version":[{"id":90541,"href":"https:\/\/blogdoedvaldomagalhaes.com.br\/index.php\/wp-json\/wp\/v2\/posts\/90539\/revisions\/90541"}],"wp:featuredmedia":[{"embeddable":true,"href":"https:\/\/blogdoedvaldomagalhaes.com.br\/index.php\/wp-json\/wp\/v2\/media\/90547"}],"wp:attachment":[{"href":"https:\/\/blogdoedvaldomagalhaes.com.br\/index.php\/wp-json\/wp\/v2\/media?parent=90539"}],"wp:term":[{"taxonomy":"category","embeddable":true,"href":"https:\/\/blogdoedvaldomagalhaes.com.br\/index.php\/wp-json\/wp\/v2\/categories?post=90539"},{"taxonomy":"post_tag","embeddable":true,"href":"https:\/\/blogdoedvaldomagalhaes.com.br\/index.php\/wp-json\/wp\/v2\/tags?post=90539"}],"curies":[{"name":"wp","href":"https:\/\/api.w.org\/{rel}","templated":true}]}}