{"id":90535,"date":"2022-12-06T17:09:23","date_gmt":"2022-12-06T20:09:23","guid":{"rendered":"https:\/\/blogdoedvaldomagalhaes.com.br\/?p=90535"},"modified":"2022-12-06T17:09:25","modified_gmt":"2022-12-06T20:09:25","slug":"pm-recupera-carro-e-objetos-roubados","status":"publish","type":"post","link":"https:\/\/blogdoedvaldomagalhaes.com.br\/index.php\/2022\/12\/06\/pm-recupera-carro-e-objetos-roubados\/","title":{"rendered":"PM recupera carro e objetos roubados"},"content":{"rendered":"<p style=\"text-align: justify;\"><span style=\"color: initial; font-size: revert;\">Policiais militares da 1\u00aa CIPM, a Companhia Rio S\u00e3o Francisco, recuperaram um carro e objetos roubados e apreenderam muni\u00e7\u00f5es, na BR-316, no Alto da Ermida, em Floresta, Sert\u00e3o pernambucano. O N\u00facleo de Intelig\u00eancia informou que o ve\u00edculo estava seguindo para a \u00e1rea e foi montado um bloqueio para intercept\u00e1-lo.<\/span><\/p>\n<p style=\"text-align: justify;\">Ao visualizar a mobiliza\u00e7\u00e3o policial, os dois suspeitos tentaram fugir, mas ao constatar o acompanhamento pararam o carro, desembarcaram e efeturam disparos de arma de fogo contra o efetivo. Foi dado o devido revide e os envolvidos correram pela caatinga. Apesar das dilig\u00eancias feitas na \u00e1rea, eles n\u00e3o foram localizados.<\/p>\n<p style=\"text-align: justify;\">No ve\u00edculo que abandonaram, foram encontrados v\u00e1rios objetos produtos de roubo, como televis\u00e3o, ventilador, joias, bebidas alco\u00f3licas, e 55 muni\u00e7\u00f5es calibre .40. Todo o material foi entregue na Delegacia de Pol\u00edcia Civil da cidade, para a tomada dos procedimentos cab\u00edveis.<\/p>\n<p style=\"text-align: justify;\">Siga o Instagram do Blog @blogdoedvaldomagalhaes<\/p>\n\n\n<figure class=\"wp-block-image size-full\"><img loading=\"lazy\" decoding=\"async\" width=\"742\" height=\"669\" src=\"https:\/\/blogdoedvaldomagalhaes.com.br\/wp-content\/uploads\/2022\/12\/IMG-20221206-WA0069.jpg\" alt=\"\" class=\"wp-image-90537\" srcset=\"https:\/\/blogdoedvaldomagalhaes.com.br\/wp-content\/uploads\/2022\/12\/IMG-20221206-WA0069.jpg 742w, https:\/\/blogdoedvaldomagalhaes.com.br\/wp-content\/uploads\/2022\/12\/IMG-20221206-WA0069-300x270.jpg 300w\" sizes=\"auto, (max-width: 742px) 100vw, 742px\" \/><figcaption>Fotos: Divulga\u00e7\u00e3o\/PMPE<\/figcaption><\/figure>\n","protected":false},"excerpt":{"rendered":"<p>Policiais militares da 1\u00aa CIPM, a Companhia Rio S\u00e3o Francisco, recuperaram um carro e objetos roubados e apreenderam muni\u00e7\u00f5es, na&hellip;<\/p>\n","protected":false},"author":1,"featured_media":90536,"comment_status":"closed","ping_status":"open","sticky":false,"template":"","format":"standard","meta":{"footnotes":""},"categories":[14121],"tags":[2,19532,3406,26240],"class_list":["post-90535","post","type-post","status-publish","format-standard","has-post-thumbnail","hentry","category-policial","tag-blog-do-edvaldo-magalhaes","tag-blog-mais-acessado-e-visualizado-de-caruaru-e-regiao","tag-caruaru","tag-pm-recupera-carro-e-objetos-roubados"],"_links":{"self":[{"href":"https:\/\/blogdoedvaldomagalhaes.com.br\/index.php\/wp-json\/wp\/v2\/posts\/90535","targetHints":{"allow":["GET"]}}],"collection":[{"href":"https:\/\/blogdoedvaldomagalhaes.com.br\/index.php\/wp-json\/wp\/v2\/posts"}],"about":[{"href":"https:\/\/blogdoedvaldomagalhaes.com.br\/index.php\/wp-json\/wp\/v2\/types\/post"}],"author":[{"embeddable":true,"href":"https:\/\/blogdoedvaldomagalhaes.com.br\/index.php\/wp-json\/wp\/v2\/users\/1"}],"replies":[{"embeddable":true,"href":"https:\/\/blogdoedvaldomagalhaes.com.br\/index.php\/wp-json\/wp\/v2\/comments?post=90535"}],"version-history":[{"count":1,"href":"https:\/\/blogdoedvaldomagalhaes.com.br\/index.php\/wp-json\/wp\/v2\/posts\/90535\/revisions"}],"predecessor-version":[{"id":90538,"href":"https:\/\/blogdoedvaldomagalhaes.com.br\/index.php\/wp-json\/wp\/v2\/posts\/90535\/revisions\/90538"}],"wp:featuredmedia":[{"embeddable":true,"href":"https:\/\/blogdoedvaldomagalhaes.com.br\/index.php\/wp-json\/wp\/v2\/media\/90536"}],"wp:attachment":[{"href":"https:\/\/blogdoedvaldomagalhaes.com.br\/index.php\/wp-json\/wp\/v2\/media?parent=90535"}],"wp:term":[{"taxonomy":"category","embeddable":true,"href":"https:\/\/blogdoedvaldomagalhaes.com.br\/index.php\/wp-json\/wp\/v2\/categories?post=90535"},{"taxonomy":"post_tag","embeddable":true,"href":"https:\/\/blogdoedvaldomagalhaes.com.br\/index.php\/wp-json\/wp\/v2\/tags?post=90535"}],"curies":[{"name":"wp","href":"https:\/\/api.w.org\/{rel}","templated":true}]}}