{"id":90526,"date":"2022-12-06T12:51:39","date_gmt":"2022-12-06T15:51:39","guid":{"rendered":"https:\/\/blogdoedvaldomagalhaes.com.br\/?p=90526"},"modified":"2022-12-06T12:51:41","modified_gmt":"2022-12-06T15:51:41","slug":"jorge-quintino-solicita-atividades-nas-escolas-municipais-para-preparar-os-alunos-no-mercado-de-trabalho","status":"publish","type":"post","link":"https:\/\/blogdoedvaldomagalhaes.com.br\/index.php\/2022\/12\/06\/jorge-quintino-solicita-atividades-nas-escolas-municipais-para-preparar-os-alunos-no-mercado-de-trabalho\/","title":{"rendered":"Jorge Quintino solicita atividades nas escolas municipais para preparar os alunos no mercado de trabalho"},"content":{"rendered":"<p style=\"text-align: justify;\"><span style=\"font-size: revert; color: initial;\">Na tarde desta ter\u00e7a-feira (06), ser\u00e1 realizada, a partir das 16h, a 61\u00aa sess\u00e3o legislativa na Casa Jornalista Jos\u00e9 Carlos Flor\u00eancio. Durante a reuni\u00e3o, o vereador Jorge Quintino (SD) destacar\u00e1 um Requerimento em que solicita ao Poder Executivo a elabora\u00e7\u00e3o de atividades de prepara\u00e7\u00e3o nas escolas municipais de Caruaru, com o objetivo de inserir os alunos no mercado de trabalho.<\/span><\/p>\n<p style=\"text-align: justify;\">\u201cA ideia \u00e9 integrar a educa\u00e7\u00e3o de jovens do final do ensino fundamental ao mercado de trabalho, dando oportunidades para que aprendam uma profiss\u00e3o e adquiram sua primeira experi\u00eancia\u201d, disse o vereador.<\/p>\n<p style=\"text-align: justify;\">Ainda na sess\u00e3o, Jorge Quintino apresentar\u00e1 outro Requerimento para ser analisado pelo Poder Executivo, solicitando tamb\u00e9m incentivos fiscais aos estabelecimentos comerciais que optarem por n\u00e3o fornecer sacolas pl\u00e1sticas convencionais.<\/p>\n<p style=\"text-align: justify;\">A proibi\u00e7\u00e3o da distribui\u00e7\u00e3o das sacolas pl\u00e1sticas convencionais causa impactos positivos ao meio ambiente, afinal de contas, muitas das sacolas utilizadas no cotidiano acabam sendo descartadas de forma equivocada.<\/p>\n<p style=\"text-align: justify;\">\u201cPara promover uma conscientiza\u00e7\u00e3o que tenha efetividade no momento em que nos encontramos, precisamos estruturar uma mudan\u00e7a geral em todos os setores envolvidos. O cidad\u00e3o tem que enxergar o seu papel nessa nova cultura que est\u00e1 sendo proposta, saber da sua responsabilidade e agir de forma ativa na busca por uma cidade mais sustent\u00e1vel\u201d destacou o vereador. Foto: Vladimir Barreto.<\/p>\n<p style=\"text-align: justify;\">Siga o Instagram do Blog @blogdoedvaldomagalhaes<\/p>\n","protected":false},"excerpt":{"rendered":"<p>Na tarde desta ter\u00e7a-feira (06), ser\u00e1 realizada, a partir das 16h, a 61\u00aa sess\u00e3o legislativa na Casa Jornalista Jos\u00e9 Carlos&hellip;<\/p>\n","protected":false},"author":1,"featured_media":90527,"comment_status":"closed","ping_status":"open","sticky":false,"template":"","format":"standard","meta":{"footnotes":""},"categories":[14122],"tags":[2,19532,3406,26238,20],"class_list":["post-90526","post","type-post","status-publish","format-standard","has-post-thumbnail","hentry","category-politica","tag-blog-do-edvaldo-magalhaes","tag-blog-mais-acessado-e-visualizado-de-caruaru-e-regiao","tag-caruaru","tag-jorge-quintino-solicita-atividades-nas-escolas-municipais-para-preparar-os-alunos-no-mercado-de-trabalho","tag-politica"],"_links":{"self":[{"href":"https:\/\/blogdoedvaldomagalhaes.com.br\/index.php\/wp-json\/wp\/v2\/posts\/90526","targetHints":{"allow":["GET"]}}],"collection":[{"href":"https:\/\/blogdoedvaldomagalhaes.com.br\/index.php\/wp-json\/wp\/v2\/posts"}],"about":[{"href":"https:\/\/blogdoedvaldomagalhaes.com.br\/index.php\/wp-json\/wp\/v2\/types\/post"}],"author":[{"embeddable":true,"href":"https:\/\/blogdoedvaldomagalhaes.com.br\/index.php\/wp-json\/wp\/v2\/users\/1"}],"replies":[{"embeddable":true,"href":"https:\/\/blogdoedvaldomagalhaes.com.br\/index.php\/wp-json\/wp\/v2\/comments?post=90526"}],"version-history":[{"count":1,"href":"https:\/\/blogdoedvaldomagalhaes.com.br\/index.php\/wp-json\/wp\/v2\/posts\/90526\/revisions"}],"predecessor-version":[{"id":90528,"href":"https:\/\/blogdoedvaldomagalhaes.com.br\/index.php\/wp-json\/wp\/v2\/posts\/90526\/revisions\/90528"}],"wp:featuredmedia":[{"embeddable":true,"href":"https:\/\/blogdoedvaldomagalhaes.com.br\/index.php\/wp-json\/wp\/v2\/media\/90527"}],"wp:attachment":[{"href":"https:\/\/blogdoedvaldomagalhaes.com.br\/index.php\/wp-json\/wp\/v2\/media?parent=90526"}],"wp:term":[{"taxonomy":"category","embeddable":true,"href":"https:\/\/blogdoedvaldomagalhaes.com.br\/index.php\/wp-json\/wp\/v2\/categories?post=90526"},{"taxonomy":"post_tag","embeddable":true,"href":"https:\/\/blogdoedvaldomagalhaes.com.br\/index.php\/wp-json\/wp\/v2\/tags?post=90526"}],"curies":[{"name":"wp","href":"https:\/\/api.w.org\/{rel}","templated":true}]}}