{"id":90509,"date":"2022-12-06T10:11:06","date_gmt":"2022-12-06T13:11:06","guid":{"rendered":"https:\/\/blogdoedvaldomagalhaes.com.br\/?p=90509"},"modified":"2022-12-06T13:13:49","modified_gmt":"2022-12-06T16:13:49","slug":"torcedor-do-central-e-santa-cruz-poto-e-assassinado-em-caruaru","status":"publish","type":"post","link":"https:\/\/blogdoedvaldomagalhaes.com.br\/index.php\/2022\/12\/06\/torcedor-do-central-e-santa-cruz-poto-e-assassinado-em-caruaru\/","title":{"rendered":"Torcedor do Central e Santa Cruz &#8220;Pot\u00f3&#8221; \u00e9 assassinado em Caruaru"},"content":{"rendered":"<p style=\"text-align: justify;\">Mais um homic\u00eddio \u00e9 registrado em Caruaru. Na \u00faltima sexta-feira (02), Jurandir Claudino da Silva, conhecido como \u201cPot\u00f3\u201d, de 46 anos de idade, residente na Travessa Beco do Br\u00e1z, n\u00famero 17, no bairro Mauricio de Nassau, torcedor do Central e do Santa Cruz, e que vivia diariamente nas proximidades do Est\u00e1dio Lacerd\u00e3o, sofreu uma facada nas costas quando estava no bairro Centen\u00e1rio, por\u00e9m, ele n\u00e3o procurou uma unidade hospitalar, indo dormir em uma oficina.<\/p>\n<p style=\"text-align: justify;\">E mesmo contra a pr\u00f3pria vontade, &#8220;Pot\u00f3&#8221; foi levado no Hospital Regional do Agreste (HRA), na manh\u00e3 dessa segunda-feira (05), dando entrada na sala vermelha do HRA, vindo a \u00f3bito na manh\u00e3 desta ter\u00e7a-feira (06).<\/p>\n<p style=\"text-align: justify;\">Este foi o 2\u00b0 homic\u00eddio no m\u00eas de dezembro e o 87\u00b0 no ano de 2022, em Caruaru.<\/p>\n","protected":false},"excerpt":{"rendered":"<p>Mais um homic\u00eddio \u00e9 registrado em Caruaru. Na \u00faltima sexta-feira (02), Jurandir Claudino da Silva, conhecido como \u201cPot\u00f3\u201d, de 46&hellip;<\/p>\n","protected":false},"author":1,"featured_media":90510,"comment_status":"closed","ping_status":"open","sticky":false,"template":"","format":"standard","meta":{"footnotes":""},"categories":[14121],"tags":[2,19532,3406,5448,26236],"class_list":["post-90509","post","type-post","status-publish","format-standard","has-post-thumbnail","hentry","category-policial","tag-blog-do-edvaldo-magalhaes","tag-blog-mais-acessado-e-visualizado-de-caruaru-e-regiao","tag-caruaru","tag-homicidio","tag-torcedor-do-central-e-santa-cruz-poto-e-assassinado-em-caruaru"],"_links":{"self":[{"href":"https:\/\/blogdoedvaldomagalhaes.com.br\/index.php\/wp-json\/wp\/v2\/posts\/90509","targetHints":{"allow":["GET"]}}],"collection":[{"href":"https:\/\/blogdoedvaldomagalhaes.com.br\/index.php\/wp-json\/wp\/v2\/posts"}],"about":[{"href":"https:\/\/blogdoedvaldomagalhaes.com.br\/index.php\/wp-json\/wp\/v2\/types\/post"}],"author":[{"embeddable":true,"href":"https:\/\/blogdoedvaldomagalhaes.com.br\/index.php\/wp-json\/wp\/v2\/users\/1"}],"replies":[{"embeddable":true,"href":"https:\/\/blogdoedvaldomagalhaes.com.br\/index.php\/wp-json\/wp\/v2\/comments?post=90509"}],"version-history":[{"count":9,"href":"https:\/\/blogdoedvaldomagalhaes.com.br\/index.php\/wp-json\/wp\/v2\/posts\/90509\/revisions"}],"predecessor-version":[{"id":90530,"href":"https:\/\/blogdoedvaldomagalhaes.com.br\/index.php\/wp-json\/wp\/v2\/posts\/90509\/revisions\/90530"}],"wp:featuredmedia":[{"embeddable":true,"href":"https:\/\/blogdoedvaldomagalhaes.com.br\/index.php\/wp-json\/wp\/v2\/media\/90510"}],"wp:attachment":[{"href":"https:\/\/blogdoedvaldomagalhaes.com.br\/index.php\/wp-json\/wp\/v2\/media?parent=90509"}],"wp:term":[{"taxonomy":"category","embeddable":true,"href":"https:\/\/blogdoedvaldomagalhaes.com.br\/index.php\/wp-json\/wp\/v2\/categories?post=90509"},{"taxonomy":"post_tag","embeddable":true,"href":"https:\/\/blogdoedvaldomagalhaes.com.br\/index.php\/wp-json\/wp\/v2\/tags?post=90509"}],"curies":[{"name":"wp","href":"https:\/\/api.w.org\/{rel}","templated":true}]}}