{"id":90505,"date":"2022-12-05T18:20:34","date_gmt":"2022-12-05T21:20:34","guid":{"rendered":"https:\/\/blogdoedvaldomagalhaes.com.br\/?p=90505"},"modified":"2022-12-05T18:23:49","modified_gmt":"2022-12-05T21:23:49","slug":"adriana-leite-assume-diretoria-executiva-da-aetpc-leva","status":"publish","type":"post","link":"https:\/\/blogdoedvaldomagalhaes.com.br\/index.php\/2022\/12\/05\/adriana-leite-assume-diretoria-executiva-da-aetpc-leva\/","title":{"rendered":"Adriana Leite assume diretoria executiva da AETPC\/Leva"},"content":{"rendered":"<p style=\"text-align: justify;\"><span style=\"color: initial; font-size: revert;\">Nesta segunda-feira (5), a Associa\u00e7\u00e3o das Empresas de Transportes de Passageiros de Caruaru (AETPC) anunciou a sua nova diretora executiva, que tamb\u00e9m ficar\u00e1 com a incumb\u00eancia de tocar a administra\u00e7\u00e3o e os produtos Leva.<\/span><\/p>\n<p style=\"text-align: justify;\">Adriana tem 47 anos, \u00e9 advogada e especialista em Gest\u00e3o de Tr\u00e2nsito e Gest\u00e3o de Mobilidade Urbana. J\u00e1 atuou como coordenadora de Tr\u00e2nsito da Secretaria de Defesa Cidad\u00e3 (SEDEC), foi secret\u00e1ria executiva da Autarquia Municipal de Defesa Social, Tr\u00e2nsito e Transportes (DESTRA) que ,atualmente, se chama: Autarquia de Mobilidade, Tr\u00e2nsito e Transportes de Caruaru(AMTTC), onde tamb\u00e9m ocupou os cargos de diretora e gerente.<\/p>\n<p style=\"text-align: justify;\">Adriana, que tem vasta experi\u00eancia com o Sistema de Transporte P\u00fablico de Passageiros de Caruaru (STPP), falou sobre a expectativa para o novo desafio profissional. \u201cO Sistema de Transporte P\u00fablico de Passageiros possui uma estrutura tr\u00edplice: Poder P\u00fablico, operadoras e usu\u00e1rios. Fiz parte do Poder P\u00fablico e fui e sou usu\u00e1ria do Sistema. Acredito que essas experi\u00eancias ser\u00e3o o diferencial na condu\u00e7\u00e3o das a\u00e7\u00f5es do LEVA, pois meu intuito \u00e9 somar esfor\u00e7os, unir e ouvir as vozes que fazem e usam o transporte, em busca de impulsionar o LEVA para ir mais longe e ao mesmo tempo mais perto da popula\u00e7\u00e3o\u201d, disse.<\/p>\n<p style=\"text-align: justify;\">Al\u00e9m da nova diretora executiva, Adriana Leite, com as elei\u00e7\u00f5es realizadas no \u00faltimo m\u00eas de setembro, a AETPC tamb\u00e9m tem uma nova mesa diretora para o bi\u00eanio 2022\/2024. A mesa \u00e9 composta pelo presidente Adolfo Jos\u00e9, o vice-presidente Clemildo Tabosa e o diretor financeiro Efren Gir\u00e3o Peixinho.<\/p>\n<p style=\"text-align: justify;\">\n<p style=\"text-align: justify;\">*Dec\u00eanio do Leva*<\/p>\n<p style=\"text-align: justify;\">Em setembro de 2023, o Sistema de Bilhetagem Eletr\u00f4nica (SIBE) comemora uma d\u00e9cada de exist\u00eancia e celebra, tamb\u00e9m, a implanta\u00e7\u00e3o do cart\u00f5es inteligentes do Leva.<\/p>\n<p style=\"text-align: justify;\">Para comemorar a data, o Leva assumiu uma nova identidade visual al\u00e9m de um site totalmente reformulado. Esse ano, o Leva lan\u00e7ar\u00e1 ainda os novos cart\u00f5es que substituir\u00e3o, gradativamente, os modelos antigos. Foto: Arquivo pessoal.<\/p>\n<p style=\"text-align: justify;\">Siga o Instagram do Blog @blogdoedvaldomagalhaes<\/p>\n","protected":false},"excerpt":{"rendered":"<p>Nesta segunda-feira (5), a Associa\u00e7\u00e3o das Empresas de Transportes de Passageiros de Caruaru (AETPC) anunciou a sua nova diretora executiva,&hellip;<\/p>\n","protected":false},"author":1,"featured_media":90507,"comment_status":"closed","ping_status":"open","sticky":false,"template":"","format":"standard","meta":{"footnotes":""},"categories":[14120],"tags":[26235,2,19532,3406],"class_list":["post-90505","post","type-post","status-publish","format-standard","has-post-thumbnail","hentry","category-noticias","tag-adriana-leite-assume-diretoria-executiva-da-aetpc-leva","tag-blog-do-edvaldo-magalhaes","tag-blog-mais-acessado-e-visualizado-de-caruaru-e-regiao","tag-caruaru"],"_links":{"self":[{"href":"https:\/\/blogdoedvaldomagalhaes.com.br\/index.php\/wp-json\/wp\/v2\/posts\/90505","targetHints":{"allow":["GET"]}}],"collection":[{"href":"https:\/\/blogdoedvaldomagalhaes.com.br\/index.php\/wp-json\/wp\/v2\/posts"}],"about":[{"href":"https:\/\/blogdoedvaldomagalhaes.com.br\/index.php\/wp-json\/wp\/v2\/types\/post"}],"author":[{"embeddable":true,"href":"https:\/\/blogdoedvaldomagalhaes.com.br\/index.php\/wp-json\/wp\/v2\/users\/1"}],"replies":[{"embeddable":true,"href":"https:\/\/blogdoedvaldomagalhaes.com.br\/index.php\/wp-json\/wp\/v2\/comments?post=90505"}],"version-history":[{"count":1,"href":"https:\/\/blogdoedvaldomagalhaes.com.br\/index.php\/wp-json\/wp\/v2\/posts\/90505\/revisions"}],"predecessor-version":[{"id":90506,"href":"https:\/\/blogdoedvaldomagalhaes.com.br\/index.php\/wp-json\/wp\/v2\/posts\/90505\/revisions\/90506"}],"wp:featuredmedia":[{"embeddable":true,"href":"https:\/\/blogdoedvaldomagalhaes.com.br\/index.php\/wp-json\/wp\/v2\/media\/90507"}],"wp:attachment":[{"href":"https:\/\/blogdoedvaldomagalhaes.com.br\/index.php\/wp-json\/wp\/v2\/media?parent=90505"}],"wp:term":[{"taxonomy":"category","embeddable":true,"href":"https:\/\/blogdoedvaldomagalhaes.com.br\/index.php\/wp-json\/wp\/v2\/categories?post=90505"},{"taxonomy":"post_tag","embeddable":true,"href":"https:\/\/blogdoedvaldomagalhaes.com.br\/index.php\/wp-json\/wp\/v2\/tags?post=90505"}],"curies":[{"name":"wp","href":"https:\/\/api.w.org\/{rel}","templated":true}]}}