{"id":90502,"date":"2022-12-05T16:34:46","date_gmt":"2022-12-05T19:34:46","guid":{"rendered":"https:\/\/blogdoedvaldomagalhaes.com.br\/?p=90502"},"modified":"2022-12-05T16:34:48","modified_gmt":"2022-12-05T19:34:48","slug":"padre-julio-lancellotti-parabeniza-jorge-quintino-sobre-pl-que-veda-uso-de-arquitetura-hostil-nos-espacos-livres-em-caruaru","status":"publish","type":"post","link":"https:\/\/blogdoedvaldomagalhaes.com.br\/index.php\/2022\/12\/05\/padre-julio-lancellotti-parabeniza-jorge-quintino-sobre-pl-que-veda-uso-de-arquitetura-hostil-nos-espacos-livres-em-caruaru\/","title":{"rendered":"Padre J\u00falio Lancellotti parabeniza Jorge Quintino sobre PL que veda uso de arquitetura hostil nos espa\u00e7os livres em Caruaru"},"content":{"rendered":"<p style=\"text-align: justify;\"><span style=\"color: initial; font-size: revert;\">O Padre J\u00falio Lancellotti parabenizou, em suas redes sociais, o vereador Jorge Quintino (SD), referente ao Projeto de Lei de sua autoria, em que veda o uso de arquitetura hostil nos espa\u00e7os livres de uso p\u00fablico urbanos em Caruaru, com o intuito de que o direito \u00e0 cidade de todo e qualquer cidad\u00e3o seja garantido.<\/span><\/p>\n<p style=\"text-align: justify;\">\u201cAgrade\u00e7o ao reconhecimento do Padre J\u00falio. Meu objetivo \u00e9 continuar lutando para mostrar que tirar pessoas vulner\u00e1veis do alcance da vista n\u00e3o resolve tais problemas. Pelo contr\u00e1rio, aprofunda ainda mais a desigualdade urbana\u201d, finaliza Jorge Quintino. Foto: Divulga\u00e7\u00e3o.<\/p>\n<p style=\"text-align: justify;\">Siga o Instagram do Blog @blogdoedvaldomagalhaes<\/p>\n","protected":false},"excerpt":{"rendered":"<p>O Padre J\u00falio Lancellotti parabenizou, em suas redes sociais, o vereador Jorge Quintino (SD), referente ao Projeto de Lei de&hellip;<\/p>\n","protected":false},"author":1,"featured_media":90503,"comment_status":"closed","ping_status":"open","sticky":false,"template":"","format":"standard","meta":{"footnotes":""},"categories":[14122],"tags":[2,19532,3406,26234,20],"class_list":["post-90502","post","type-post","status-publish","format-standard","has-post-thumbnail","hentry","category-politica","tag-blog-do-edvaldo-magalhaes","tag-blog-mais-acessado-e-visualizado-de-caruaru-e-regiao","tag-caruaru","tag-padre-julio-lancellotti-parabeniza-jorge-quintino-sobre-pl-que-veda-uso-de-arquitetura-hostil-nos-espacos-livres-em-caruaru","tag-politica"],"_links":{"self":[{"href":"https:\/\/blogdoedvaldomagalhaes.com.br\/index.php\/wp-json\/wp\/v2\/posts\/90502","targetHints":{"allow":["GET"]}}],"collection":[{"href":"https:\/\/blogdoedvaldomagalhaes.com.br\/index.php\/wp-json\/wp\/v2\/posts"}],"about":[{"href":"https:\/\/blogdoedvaldomagalhaes.com.br\/index.php\/wp-json\/wp\/v2\/types\/post"}],"author":[{"embeddable":true,"href":"https:\/\/blogdoedvaldomagalhaes.com.br\/index.php\/wp-json\/wp\/v2\/users\/1"}],"replies":[{"embeddable":true,"href":"https:\/\/blogdoedvaldomagalhaes.com.br\/index.php\/wp-json\/wp\/v2\/comments?post=90502"}],"version-history":[{"count":1,"href":"https:\/\/blogdoedvaldomagalhaes.com.br\/index.php\/wp-json\/wp\/v2\/posts\/90502\/revisions"}],"predecessor-version":[{"id":90504,"href":"https:\/\/blogdoedvaldomagalhaes.com.br\/index.php\/wp-json\/wp\/v2\/posts\/90502\/revisions\/90504"}],"wp:featuredmedia":[{"embeddable":true,"href":"https:\/\/blogdoedvaldomagalhaes.com.br\/index.php\/wp-json\/wp\/v2\/media\/90503"}],"wp:attachment":[{"href":"https:\/\/blogdoedvaldomagalhaes.com.br\/index.php\/wp-json\/wp\/v2\/media?parent=90502"}],"wp:term":[{"taxonomy":"category","embeddable":true,"href":"https:\/\/blogdoedvaldomagalhaes.com.br\/index.php\/wp-json\/wp\/v2\/categories?post=90502"},{"taxonomy":"post_tag","embeddable":true,"href":"https:\/\/blogdoedvaldomagalhaes.com.br\/index.php\/wp-json\/wp\/v2\/tags?post=90502"}],"curies":[{"name":"wp","href":"https:\/\/api.w.org\/{rel}","templated":true}]}}