{"id":905,"date":"2018-10-25T10:41:00","date_gmt":"2018-10-25T12:41:00","guid":{"rendered":"http:\/\/blogdoedvaldomagalhaes.com.br\/index.php\/2018\/10\/25\/violencia-em-caruaru-reduziu-em-2018\/"},"modified":"2019-02-09T02:36:45","modified_gmt":"2019-02-09T04:36:45","slug":"violencia-em-caruaru-reduziu-em-2018","status":"publish","type":"post","link":"https:\/\/blogdoedvaldomagalhaes.com.br\/index.php\/2018\/10\/25\/violencia-em-caruaru-reduziu-em-2018\/","title":{"rendered":"Viol\u00eancia em Caruaru reduziu em 2018, segundo a Secretaria de Ordem P\u00fablica"},"content":{"rendered":"<div class=\"separator\" style=\"clear: both; text-align: center;\">\n<a href=\"https:\/\/4.bp.blogspot.com\/-xP2SLSz408I\/W9GdOu0lB6I\/AAAAAAAA8Vc\/LXS7uBfZuB8w2Ep4SirQevQVG1gNC4AvgCLcBGAs\/s1600\/raqu%25C3%25A9.jpg\" imageanchor=\"1\" style=\"margin-left: 1em; margin-right: 1em;\"><img loading=\"lazy\" decoding=\"async\" border=\"0\" data-original-height=\"340\" data-original-width=\"512\" height=\"424\" src=\"http:\/\/blogdoedvaldomagalhaes.com.br\/wp-content\/uploads\/2018\/10\/raquC3A9.jpg\" width=\"640\" \/><\/a><\/div>\n<div class=\"separator\" style=\"clear: both; text-align: center;\">\nFotos: Jana\u00edna Pepeu\/Divulga\u00e7\u00e3o<\/div>\n<div style=\"text-align: justify;\">\n<\/div>\n<div style=\"text-align: justify;\">\nA reuni\u00e3o do Comit\u00ea Municipal Juntos Pela Seguran\u00e7a apresentou na reuni\u00e3o, o Projeto Cidade Pac\u00edfica, por meio do Minist\u00e9rio P\u00fablico, a Escola Professor Jos\u00e9 Laurentino Santos, com a Secretaria de Educa\u00e7\u00e3o. J\u00e1 pela secretaria municipal de Ordem P\u00fablica, o Mapa da Viol\u00eancia e o Mapa de Interven\u00e7\u00e3o Territorial, onde todos os meses de 2018 apresentaram n\u00fameros menores em rela\u00e7\u00e3o ao mesmo per\u00edodo de 2017, com uma redu\u00e7\u00e3o de 39,6% em CVLI e de 44,8% em CVP, considerando-se o mesmo per\u00edodo.<\/div>\n<div style=\"text-align: justify;\">\n<\/div>\n<div class=\"separator\" style=\"clear: both; text-align: center;\">\n<a href=\"https:\/\/2.bp.blogspot.com\/-cgIG4QIoSrA\/W9GdajHrGQI\/AAAAAAAA8Vg\/M1LqIo4FFnU07nrP0LZIcRjJDxGy3jj7ACLcBGAs\/s1600\/que.jpg\" imageanchor=\"1\" style=\"margin-left: 1em; margin-right: 1em;\"><img loading=\"lazy\" decoding=\"async\" border=\"0\" data-original-height=\"340\" data-original-width=\"512\" height=\"424\" src=\"http:\/\/blogdoedvaldomagalhaes.com.br\/wp-content\/uploads\/2018\/10\/que.jpg\" width=\"640\" \/><\/a><\/div>\n<div style=\"text-align: justify;\">\n<\/div>\n<div style=\"text-align: justify;\">\nA redu\u00e7\u00e3o da criminalidade nos oito bairros que foram implantados os Conselhos de Seguran\u00e7a Cidad\u00e3 dos Bairros e da Zona Rural (Consec) foi outro destaque. Os Conselheiros de todos os bairros marcaram presen\u00e7a e pontuaram que em todas as reuni\u00f5es devolutivas do Consec, existiu um \u00eaxito de 80% nas demandas atendidas.&nbsp;<\/div>\n<div style=\"text-align: justify;\">\n<\/div>\n<div style=\"text-align: justify;\">\nMais uma reuni\u00e3o do Comit\u00ea Municipal Juntos Pela Seguran\u00e7a \u00e9 prevista para o dia 13 de novembro, onde ser\u00e1 a pen\u00faltima do ano 2018.&nbsp;<\/div>\n","protected":false},"excerpt":{"rendered":"<p>Fotos: Jana\u00edna Pepeu\/Divulga\u00e7\u00e3o A reuni\u00e3o do Comit\u00ea Municipal Juntos Pela Seguran\u00e7a apresentou na reuni\u00e3o, o Projeto Cidade Pac\u00edfica, por meio&hellip;<\/p>\n","protected":false},"author":1,"featured_media":0,"comment_status":"open","ping_status":"open","sticky":false,"template":"","format":"standard","meta":{"footnotes":""},"categories":[1],"tags":[2,13,855,856],"class_list":["post-905","post","type-post","status-publish","format-standard","hentry","category-sem-categoria","tag-blog-do-edvaldo-magalhaes","tag-policial","tag-segundo-a-secretaria-de-ordem-publica","tag-violencia-em-caruaru-reduziu-em-2018"],"_links":{"self":[{"href":"https:\/\/blogdoedvaldomagalhaes.com.br\/index.php\/wp-json\/wp\/v2\/posts\/905","targetHints":{"allow":["GET"]}}],"collection":[{"href":"https:\/\/blogdoedvaldomagalhaes.com.br\/index.php\/wp-json\/wp\/v2\/posts"}],"about":[{"href":"https:\/\/blogdoedvaldomagalhaes.com.br\/index.php\/wp-json\/wp\/v2\/types\/post"}],"author":[{"embeddable":true,"href":"https:\/\/blogdoedvaldomagalhaes.com.br\/index.php\/wp-json\/wp\/v2\/users\/1"}],"replies":[{"embeddable":true,"href":"https:\/\/blogdoedvaldomagalhaes.com.br\/index.php\/wp-json\/wp\/v2\/comments?post=905"}],"version-history":[{"count":1,"href":"https:\/\/blogdoedvaldomagalhaes.com.br\/index.php\/wp-json\/wp\/v2\/posts\/905\/revisions"}],"predecessor-version":[{"id":35237,"href":"https:\/\/blogdoedvaldomagalhaes.com.br\/index.php\/wp-json\/wp\/v2\/posts\/905\/revisions\/35237"}],"wp:attachment":[{"href":"https:\/\/blogdoedvaldomagalhaes.com.br\/index.php\/wp-json\/wp\/v2\/media?parent=905"}],"wp:term":[{"taxonomy":"category","embeddable":true,"href":"https:\/\/blogdoedvaldomagalhaes.com.br\/index.php\/wp-json\/wp\/v2\/categories?post=905"},{"taxonomy":"post_tag","embeddable":true,"href":"https:\/\/blogdoedvaldomagalhaes.com.br\/index.php\/wp-json\/wp\/v2\/tags?post=905"}],"curies":[{"name":"wp","href":"https:\/\/api.w.org\/{rel}","templated":true}]}}