{"id":90494,"date":"2022-12-05T15:46:21","date_gmt":"2022-12-05T18:46:21","guid":{"rendered":"https:\/\/blogdoedvaldomagalhaes.com.br\/?p=90494"},"modified":"2022-12-05T15:51:11","modified_gmt":"2022-12-05T18:51:11","slug":"prefeito-rodrigo-pinheiro-reune-vereadores-e-anuncia-obras-e-investimentos-em-caruaru","status":"publish","type":"post","link":"https:\/\/blogdoedvaldomagalhaes.com.br\/index.php\/2022\/12\/05\/prefeito-rodrigo-pinheiro-reune-vereadores-e-anuncia-obras-e-investimentos-em-caruaru\/","title":{"rendered":"Prefeito Rodrigo Pinheiro re\u00fane vereadores e anuncia obras e investimentos em Caruaru"},"content":{"rendered":"<p style=\"text-align: justify;\"><span style=\"color: initial; font-size: revert;\">Na manh\u00e3 desta segunda-feira (05), o prefeito Rodrigo Pinheiro, junto com os vereadores de Caruaru, como j\u00e1 se tornou um h\u00e1bito entre os poderes Executivo e Legislativos, dialogaram sobre projetos de lei que seguir\u00e3o para a C\u00e2mara, ainda esta semana, dentre eles, projetos de car\u00e1ter administrativo e tamb\u00e9m projetos que consolidam diretrizes do Plano Diretor, no que diz respeito \u00e0 expans\u00e3o urbana ordenada e com a infraestrutura e mobilidade necess\u00e1ria para garantir a Caruaru um desenvolvimento sustent\u00e1vel, respeitando o meio ambiente, gerando emprego e renda.<\/span><\/p>\n<p style=\"text-align: justify;\">Na oportunidade, o prefeito apresentou um novo pacote de obras, em menos de 30 dias, desta vez na educa\u00e7\u00e3o, e assinou ordens de servi\u00e7os de amplia\u00e7\u00f5es, reformas e constru\u00e7\u00f5es que totalizam um investimento na ordem de R$12 milh\u00f5es, entre recursos pr\u00f3prios e recursos federais, resultado de articula\u00e7\u00f5es do prefeito em Bras\u00edlia.<\/p>\n<p style=\"text-align: justify;\">Para o presidente da C\u00e2mara, Bruno Lambreta, \u201ca reuni\u00e3o foi proveitosa dentro dessa rela\u00e7\u00e3o harmoniosa entre os poderes Executivo e Legislativo, em prol da popula\u00e7\u00e3o da cidade e da zona rural. Mais uma vez, o prefeito fez um gesto importante em convocar toda a C\u00e2mara para discutir projetos e assinar ordens de servi\u00e7os que ir\u00e3o beneficiar a cidade\u201d.<\/p>\n<p style=\"text-align: justify;\">\u201cCaruaru fecha o ano com importantes obras e a\u00e7\u00f5es que projetam um 2023 de muito desenvolvimento, emprego e renda, resultado de um planejamento da nossa gest\u00e3o que sempre dialoga com todos, como temos feito nesses nove meses de muito trabalho\u201d, finalizou Rodrigo Pinheiro.<\/p>\n<p style=\"text-align: justify;\">Siga o Instagram do Blog @blogdoedvaldomagalhaes<\/p>\n\n\n<figure class=\"wp-block-image size-large\"><img loading=\"lazy\" decoding=\"async\" width=\"1024\" height=\"683\" src=\"https:\/\/blogdoedvaldomagalhaes.com.br\/wp-content\/uploads\/2022\/12\/IMG-20221205-WA0102-1024x683.jpg\" alt=\"\" class=\"wp-image-90495\" srcset=\"https:\/\/blogdoedvaldomagalhaes.com.br\/wp-content\/uploads\/2022\/12\/IMG-20221205-WA0102-1024x683.jpg 1024w, https:\/\/blogdoedvaldomagalhaes.com.br\/wp-content\/uploads\/2022\/12\/IMG-20221205-WA0102-300x200.jpg 300w, https:\/\/blogdoedvaldomagalhaes.com.br\/wp-content\/uploads\/2022\/12\/IMG-20221205-WA0102-768x512.jpg 768w, https:\/\/blogdoedvaldomagalhaes.com.br\/wp-content\/uploads\/2022\/12\/IMG-20221205-WA0102-1536x1024.jpg 1536w, https:\/\/blogdoedvaldomagalhaes.com.br\/wp-content\/uploads\/2022\/12\/IMG-20221205-WA0102.jpg 1599w\" sizes=\"auto, (max-width: 1024px) 100vw, 1024px\" \/><figcaption>Fotos: Elvis \u00c9dson<\/figcaption><\/figure>\n","protected":false},"excerpt":{"rendered":"<p>Na manh\u00e3 desta segunda-feira (05), o prefeito Rodrigo Pinheiro, junto com os vereadores de Caruaru, como j\u00e1 se tornou um&hellip;<\/p>\n","protected":false},"author":1,"featured_media":90496,"comment_status":"closed","ping_status":"open","sticky":false,"template":"","format":"standard","meta":{"footnotes":""},"categories":[14122],"tags":[2,19532,3406,20,26232],"class_list":["post-90494","post","type-post","status-publish","format-standard","has-post-thumbnail","hentry","category-politica","tag-blog-do-edvaldo-magalhaes","tag-blog-mais-acessado-e-visualizado-de-caruaru-e-regiao","tag-caruaru","tag-politica","tag-prefeito-rodrigo-pinheiro-reune-vereadores-e-anuncia-obras-e-investimentos-em-caruaru"],"_links":{"self":[{"href":"https:\/\/blogdoedvaldomagalhaes.com.br\/index.php\/wp-json\/wp\/v2\/posts\/90494","targetHints":{"allow":["GET"]}}],"collection":[{"href":"https:\/\/blogdoedvaldomagalhaes.com.br\/index.php\/wp-json\/wp\/v2\/posts"}],"about":[{"href":"https:\/\/blogdoedvaldomagalhaes.com.br\/index.php\/wp-json\/wp\/v2\/types\/post"}],"author":[{"embeddable":true,"href":"https:\/\/blogdoedvaldomagalhaes.com.br\/index.php\/wp-json\/wp\/v2\/users\/1"}],"replies":[{"embeddable":true,"href":"https:\/\/blogdoedvaldomagalhaes.com.br\/index.php\/wp-json\/wp\/v2\/comments?post=90494"}],"version-history":[{"count":2,"href":"https:\/\/blogdoedvaldomagalhaes.com.br\/index.php\/wp-json\/wp\/v2\/posts\/90494\/revisions"}],"predecessor-version":[{"id":90498,"href":"https:\/\/blogdoedvaldomagalhaes.com.br\/index.php\/wp-json\/wp\/v2\/posts\/90494\/revisions\/90498"}],"wp:featuredmedia":[{"embeddable":true,"href":"https:\/\/blogdoedvaldomagalhaes.com.br\/index.php\/wp-json\/wp\/v2\/media\/90496"}],"wp:attachment":[{"href":"https:\/\/blogdoedvaldomagalhaes.com.br\/index.php\/wp-json\/wp\/v2\/media?parent=90494"}],"wp:term":[{"taxonomy":"category","embeddable":true,"href":"https:\/\/blogdoedvaldomagalhaes.com.br\/index.php\/wp-json\/wp\/v2\/categories?post=90494"},{"taxonomy":"post_tag","embeddable":true,"href":"https:\/\/blogdoedvaldomagalhaes.com.br\/index.php\/wp-json\/wp\/v2\/tags?post=90494"}],"curies":[{"name":"wp","href":"https:\/\/api.w.org\/{rel}","templated":true}]}}