{"id":90491,"date":"2022-12-05T12:23:39","date_gmt":"2022-12-05T15:23:39","guid":{"rendered":"https:\/\/blogdoedvaldomagalhaes.com.br\/?p=90491"},"modified":"2022-12-05T12:23:40","modified_gmt":"2022-12-05T15:23:40","slug":"menor-e-flagrado-com-motocicleta-com-sinais-de-adulteracao-em-caruaru","status":"publish","type":"post","link":"https:\/\/blogdoedvaldomagalhaes.com.br\/index.php\/2022\/12\/05\/menor-e-flagrado-com-motocicleta-com-sinais-de-adulteracao-em-caruaru\/","title":{"rendered":"Menor \u00e9 flagrado com motocicleta com sinais de adultera\u00e7\u00e3o em Caruaru"},"content":{"rendered":"<p style=\"text-align: justify;\">Pol\u00edcia Rodovi\u00e1ria Federal (PRF) apreendeu, neste domingo (04), um adolescente de 13 anos ap\u00f3s ele ser flagrado conduzindo de forma arriscada uma motocicleta POP100\/Honda. A abordagem foi feita no km 118 da BR-232, em Caruaru. Um outro jovem, de 15 anos, estava na garupa da moto.<\/p>\n<p style=\"text-align: justify;\">Durante a fiscaliza\u00e7\u00e3o, os policiais observaram sinais de adultera\u00e7\u00e3o no motor e chassi na moto. De acordo com o menor, o ve\u00edculo havia sido comparado por sua m\u00e3e a um vizinho por cerca de R$ 5,5 mil.<\/p>\n<p style=\"text-align: justify;\">O jovem e a motocicleta foram encaminhados para a Pol\u00edcia Civil. A m\u00e3e do adolescente compareceu no posto PRF acabou sendo enquadrada como autora do delito de permitir, confiar ou entregar a dire\u00e7\u00e3o de ve\u00edculo a pessoa n\u00e3o habilitada. Ela acompanhou o filho at\u00e9 a delegacia.<\/p>\n<p style=\"text-align: justify;\">Na delegacia, m\u00e3e e filho tiveram que prestar esclarecimentos ainda pela poss\u00edvel pr\u00e1tica dos crimes de adultera\u00e7\u00e3o de sinal identificador de ve\u00edculo automotor e dirigir ve\u00edculo automotor, em via p\u00fablica, sem a devida permiss\u00e3o para dirigir ou habilita\u00e7\u00e3o gerando perigo de dano. Foto: Divulga\u00e7\u00e3o\/PRF.<\/p>\n<p style=\"text-align: justify;\">Siga o Instagram do Blog @blogdoedvaldomagalhaes<\/p>\n","protected":false},"excerpt":{"rendered":"<p>Pol\u00edcia Rodovi\u00e1ria Federal (PRF) apreendeu, neste domingo (04), um adolescente de 13 anos ap\u00f3s ele ser flagrado conduzindo de forma&hellip;<\/p>\n","protected":false},"author":1,"featured_media":90492,"comment_status":"closed","ping_status":"open","sticky":false,"template":"","format":"standard","meta":{"footnotes":""},"categories":[14121],"tags":[2,19532,3406,26231],"class_list":["post-90491","post","type-post","status-publish","format-standard","has-post-thumbnail","hentry","category-policial","tag-blog-do-edvaldo-magalhaes","tag-blog-mais-acessado-e-visualizado-de-caruaru-e-regiao","tag-caruaru","tag-menor-e-flagrado-com-motocicleta-com-sinais-de-adulteracao-em-caruaru"],"_links":{"self":[{"href":"https:\/\/blogdoedvaldomagalhaes.com.br\/index.php\/wp-json\/wp\/v2\/posts\/90491","targetHints":{"allow":["GET"]}}],"collection":[{"href":"https:\/\/blogdoedvaldomagalhaes.com.br\/index.php\/wp-json\/wp\/v2\/posts"}],"about":[{"href":"https:\/\/blogdoedvaldomagalhaes.com.br\/index.php\/wp-json\/wp\/v2\/types\/post"}],"author":[{"embeddable":true,"href":"https:\/\/blogdoedvaldomagalhaes.com.br\/index.php\/wp-json\/wp\/v2\/users\/1"}],"replies":[{"embeddable":true,"href":"https:\/\/blogdoedvaldomagalhaes.com.br\/index.php\/wp-json\/wp\/v2\/comments?post=90491"}],"version-history":[{"count":1,"href":"https:\/\/blogdoedvaldomagalhaes.com.br\/index.php\/wp-json\/wp\/v2\/posts\/90491\/revisions"}],"predecessor-version":[{"id":90493,"href":"https:\/\/blogdoedvaldomagalhaes.com.br\/index.php\/wp-json\/wp\/v2\/posts\/90491\/revisions\/90493"}],"wp:featuredmedia":[{"embeddable":true,"href":"https:\/\/blogdoedvaldomagalhaes.com.br\/index.php\/wp-json\/wp\/v2\/media\/90492"}],"wp:attachment":[{"href":"https:\/\/blogdoedvaldomagalhaes.com.br\/index.php\/wp-json\/wp\/v2\/media?parent=90491"}],"wp:term":[{"taxonomy":"category","embeddable":true,"href":"https:\/\/blogdoedvaldomagalhaes.com.br\/index.php\/wp-json\/wp\/v2\/categories?post=90491"},{"taxonomy":"post_tag","embeddable":true,"href":"https:\/\/blogdoedvaldomagalhaes.com.br\/index.php\/wp-json\/wp\/v2\/tags?post=90491"}],"curies":[{"name":"wp","href":"https:\/\/api.w.org\/{rel}","templated":true}]}}