{"id":90488,"date":"2022-12-05T11:06:10","date_gmt":"2022-12-05T14:06:10","guid":{"rendered":"https:\/\/blogdoedvaldomagalhaes.com.br\/?p=90488"},"modified":"2022-12-05T11:06:12","modified_gmt":"2022-12-05T14:06:12","slug":"policia-federal-e-exercito-apreendem-grande-quantidade-de-armas-em-caruaru","status":"publish","type":"post","link":"https:\/\/blogdoedvaldomagalhaes.com.br\/index.php\/2022\/12\/05\/policia-federal-e-exercito-apreendem-grande-quantidade-de-armas-em-caruaru\/","title":{"rendered":"Pol\u00edcia Federal e Ex\u00e9rcito apreendem grande quantidade de armas em Caruaru"},"content":{"rendered":"<p style=\"text-align: justify;\"><span style=\"font-size: revert; color: initial;\">A Pol\u00edcia Federal (PF) em Pernambuco deflagrou, na manh\u00e3 desta segunda-feira (05\/12\/2022), a Segunda fase da Opera\u00e7\u00e3o Zona Cinza, que investiga fatos relacionados a poss\u00edveis pr\u00e1ticas de crimes como pertencimento a organiza\u00e7\u00e3o criminosa de modelo empresarial, falsidade ideol\u00f3gica, uso de documento falso perante a Pol\u00edcia Federal e o Ex\u00e9rcito Brasileiro, com\u00e9rcio, aquisi\u00e7\u00e3o, posse e porte ilegais de armas de fogo, al\u00e9m de incita\u00e7\u00e3o ao crime. A segunda fase da opera\u00e7\u00e3o visa a cumprir 06 (seis) mandados de busca e a apreens\u00e3o. As ordens judiciais foram expedidas pela 37\u00aa Vara Criminal da Justi\u00e7a Federal em Caruaru\/PE.*<\/span><\/p>\n<p style=\"text-align: justify;\">*Os mandados est\u00e3o sendo cumpridos em uma resid\u00eancia e no endere\u00e7o-sede das pessoas jur\u00eddicas suspeitas de envolvimento com os fatos na cidade de Caruaru\/PE, e visam a localiza\u00e7\u00e3o de provas complementares para a investiga\u00e7\u00e3o.*<\/p>\n<p style=\"text-align: justify;\">A investiga\u00e7\u00e3o se iniciou em outubro de 2021, quando foi instaurado Delegacia de Pol\u00edcia Federal em Caruaru\/PE \u2013 DPF\/CRU\/PE o Inqu\u00e9rito Policial para apurar a not\u00edcia de que um clube de tiro e uma loja de armas pertencentes ao mesmo grupo estariam ministrando cursos, prestando servi\u00e7os de conserto, manuten\u00e7\u00e3o e customiza\u00e7\u00e3o de armas de fogo, executados por pessoas sem licen\u00e7a da Pol\u00edcia Federal para atuarem como armeiros, e produzindo documentos ideologicamente falsos em nome de armeiros legalmente credenciados, mas que n\u00e3o mantinham v\u00ednculo com essas pessoas jur\u00eddicas.<\/p>\n<p style=\"text-align: justify;\">Ao longo da a\u00e7\u00e3o investigativa foi identificada a exist\u00eancia de organiza\u00e7\u00e3o criminosa dedicada \u00e0 produ\u00e7\u00e3o de documentos ideologicamente falsos e o uso desses documentos para viabilizar e dar apar\u00eancia de legalidade tanto ao com\u00e9rcio, quanto ao porte ilegais de armas de fogo. Al\u00e9m disso, o grupo utilizaria pessoas jur\u00eddicas como instrumentos para produzir entrevistas, v\u00eddeos e outros conte\u00fados, e difundir em nome delas, sobretudo por meio da internet, publicidades ilegais para a venda, estimulando o uso indiscriminado de armas de fogo e incitando a pr\u00e1tica de crimes.<\/p>\n<p style=\"text-align: justify;\">Na primeira fase da opera\u00e7\u00e3o (21\/10) buscou-se identificar diversos envolvidos e confirmar o modus operandi do grupo investigado sobre a execu\u00e7\u00e3o de fraudes contra os sistemas dos \u00f3rg\u00e3os p\u00fablicos de fiscaliza\u00e7\u00e3o e controle. Conforme a apura\u00e7\u00e3o, os esquemas delitivos seriam operados atrav\u00e9s do registro de cidad\u00e3os, mediante declara\u00e7\u00f5es falsas de que seriam ca\u00e7adores, colecionadores e\/ou atiradores desportivos, isto, para possibilitar a aquisi\u00e7\u00e3o e o porte ilegais da armas de fogo.<\/p>\n<p style=\"text-align: justify;\">*Essa segunda etapa tem por objetivos retirar e transportar as armas de fogo e muni\u00e7\u00f5es apreendidas, contando com o apoio log\u00edstico do Ex\u00e9rcito Brasileiro e Pol\u00edcia Rodovi\u00e1ria Federal.*<\/p>\n<p style=\"text-align: justify;\">Os investigados poder\u00e3o responder, na medida de suas responsabilidades, pelos crimes de pertencimento a organiza\u00e7\u00e3o criminosa, falsidade ideol\u00f3gica, uso de documento falso, porte ilegal de arma de fogo, com\u00e9rcio ilegal de arma de fogo, dentre outros crimes, tipificados no artigo 2\u00ba da Lei 12.850\/2013, artigo 299 do C\u00f3digo Penal e artigos 14 e 17, ambos da Lei 10.826\/2003 \u00a71\u00ba do C\u00f3digo Penal Brasileiro, cujas penas, se somadas, podem alcan\u00e7ar 30 (trinta) anos de reclus\u00e3o e multa.<\/p>\n","protected":false},"excerpt":{"rendered":"<p>A Pol\u00edcia Federal (PF) em Pernambuco deflagrou, na manh\u00e3 desta segunda-feira (05\/12\/2022), a Segunda fase da Opera\u00e7\u00e3o Zona Cinza, que&hellip;<\/p>\n","protected":false},"author":1,"featured_media":90489,"comment_status":"closed","ping_status":"open","sticky":false,"template":"","format":"standard","meta":{"footnotes":""},"categories":[14121],"tags":[2,19532,3406,26230],"class_list":["post-90488","post","type-post","status-publish","format-standard","has-post-thumbnail","hentry","category-policial","tag-blog-do-edvaldo-magalhaes","tag-blog-mais-acessado-e-visualizado-de-caruaru-e-regiao","tag-caruaru","tag-policia-federal-e-exercito-apreendem-grande-quantidade-de-armas-em-caruaru"],"_links":{"self":[{"href":"https:\/\/blogdoedvaldomagalhaes.com.br\/index.php\/wp-json\/wp\/v2\/posts\/90488","targetHints":{"allow":["GET"]}}],"collection":[{"href":"https:\/\/blogdoedvaldomagalhaes.com.br\/index.php\/wp-json\/wp\/v2\/posts"}],"about":[{"href":"https:\/\/blogdoedvaldomagalhaes.com.br\/index.php\/wp-json\/wp\/v2\/types\/post"}],"author":[{"embeddable":true,"href":"https:\/\/blogdoedvaldomagalhaes.com.br\/index.php\/wp-json\/wp\/v2\/users\/1"}],"replies":[{"embeddable":true,"href":"https:\/\/blogdoedvaldomagalhaes.com.br\/index.php\/wp-json\/wp\/v2\/comments?post=90488"}],"version-history":[{"count":1,"href":"https:\/\/blogdoedvaldomagalhaes.com.br\/index.php\/wp-json\/wp\/v2\/posts\/90488\/revisions"}],"predecessor-version":[{"id":90490,"href":"https:\/\/blogdoedvaldomagalhaes.com.br\/index.php\/wp-json\/wp\/v2\/posts\/90488\/revisions\/90490"}],"wp:featuredmedia":[{"embeddable":true,"href":"https:\/\/blogdoedvaldomagalhaes.com.br\/index.php\/wp-json\/wp\/v2\/media\/90489"}],"wp:attachment":[{"href":"https:\/\/blogdoedvaldomagalhaes.com.br\/index.php\/wp-json\/wp\/v2\/media?parent=90488"}],"wp:term":[{"taxonomy":"category","embeddable":true,"href":"https:\/\/blogdoedvaldomagalhaes.com.br\/index.php\/wp-json\/wp\/v2\/categories?post=90488"},{"taxonomy":"post_tag","embeddable":true,"href":"https:\/\/blogdoedvaldomagalhaes.com.br\/index.php\/wp-json\/wp\/v2\/tags?post=90488"}],"curies":[{"name":"wp","href":"https:\/\/api.w.org\/{rel}","templated":true}]}}