{"id":90482,"date":"2022-12-05T09:15:34","date_gmt":"2022-12-05T12:15:34","guid":{"rendered":"https:\/\/blogdoedvaldomagalhaes.com.br\/?p=90482"},"modified":"2022-12-05T09:20:49","modified_gmt":"2022-12-05T12:20:49","slug":"tres-irmaos-adolescentes-morrem-afogados-em-acude","status":"publish","type":"post","link":"https:\/\/blogdoedvaldomagalhaes.com.br\/index.php\/2022\/12\/05\/tres-irmaos-adolescentes-morrem-afogados-em-acude\/","title":{"rendered":"Tr\u00eas irm\u00e3os adolescentes morrem afogados em a\u00e7ude"},"content":{"rendered":"<p style=\"text-align: justify;\">Tr\u00eas irm\u00e3os morreram afogados na tarde desse domingo (04), no a\u00e7ude da Fazenda Campo Alegre, no munic\u00edpio de Passira, no Agreste de Pernambuco. Wilson Carlos Campos Deolindo, 15 anos; Deolinda, 13 anos e Analice, 10 anos.<\/p>\n<p style=\"text-align: justify;\">As v\u00edtimas estavam no a\u00e7ude acompanhadas do pai, quando aconteceu a trag\u00e9dia. Ele tentou salvar os filhos, mas n\u00e3o consegui. Os corpos foram resgatados por populares e encaminhados para o Instituto de Medicina Legal (IML) de Caruaru.<\/p>\n<p>Por Helenivaldo Pereira.<\/p>\n<p style=\"text-align: justify;\">Siga o Instagram do Blog @blogdoedvaldomagalhaes<\/p>\n\n\n<figure class=\"wp-block-image size-full\"><img loading=\"lazy\" decoding=\"async\" width=\"1020\" height=\"1024\" src=\"https:\/\/blogdoedvaldomagalhaes.com.br\/wp-content\/uploads\/2022\/12\/FB_IMG_1670242688558.jpg\" alt=\"\" class=\"wp-image-90486\" srcset=\"https:\/\/blogdoedvaldomagalhaes.com.br\/wp-content\/uploads\/2022\/12\/FB_IMG_1670242688558.jpg 1020w, https:\/\/blogdoedvaldomagalhaes.com.br\/wp-content\/uploads\/2022\/12\/FB_IMG_1670242688558-300x300.jpg 300w, https:\/\/blogdoedvaldomagalhaes.com.br\/wp-content\/uploads\/2022\/12\/FB_IMG_1670242688558-150x150.jpg 150w, https:\/\/blogdoedvaldomagalhaes.com.br\/wp-content\/uploads\/2022\/12\/FB_IMG_1670242688558-768x771.jpg 768w\" sizes=\"auto, (max-width: 1020px) 100vw, 1020px\" \/><\/figure>\n\n\n<p style=\"text-align: justify;\">\u26ab\ufe0f Nota de Pesar \u26ab\ufe0f<\/p>\n<p style=\"text-align: justify;\">A Prefeitura de Passira lamenta profundamente o falecimento de Analice, Albertina e Wilson, pertencentes \u00e0 mesma fam\u00edlia.<\/p>\n<p style=\"text-align: justify;\">Neste momento de saudades, a gest\u00e3o municipal manifesta solidariedade aos familiares e amigos pela irrepar\u00e1vel perda.<\/p>\n<p style=\"text-align: justify;\">Descansem em paz!<\/p>\n<p style=\"text-align: justify;\">PREFEITURA DE PASSIRA<\/p>","protected":false},"excerpt":{"rendered":"<p>Tr\u00eas irm\u00e3os morreram afogados na tarde desse domingo (04), no a\u00e7ude da Fazenda Campo Alegre, no munic\u00edpio de Passira, no&hellip;<\/p>\n","protected":false},"author":1,"featured_media":90483,"comment_status":"closed","ping_status":"open","sticky":false,"template":"","format":"standard","meta":{"footnotes":""},"categories":[14120],"tags":[2,19532,3406,26229],"class_list":["post-90482","post","type-post","status-publish","format-standard","has-post-thumbnail","hentry","category-noticias","tag-blog-do-edvaldo-magalhaes","tag-blog-mais-acessado-e-visualizado-de-caruaru-e-regiao","tag-caruaru","tag-tres-irmaos-adolescentes-morrem-afogados-em-acude"],"_links":{"self":[{"href":"https:\/\/blogdoedvaldomagalhaes.com.br\/index.php\/wp-json\/wp\/v2\/posts\/90482","targetHints":{"allow":["GET"]}}],"collection":[{"href":"https:\/\/blogdoedvaldomagalhaes.com.br\/index.php\/wp-json\/wp\/v2\/posts"}],"about":[{"href":"https:\/\/blogdoedvaldomagalhaes.com.br\/index.php\/wp-json\/wp\/v2\/types\/post"}],"author":[{"embeddable":true,"href":"https:\/\/blogdoedvaldomagalhaes.com.br\/index.php\/wp-json\/wp\/v2\/users\/1"}],"replies":[{"embeddable":true,"href":"https:\/\/blogdoedvaldomagalhaes.com.br\/index.php\/wp-json\/wp\/v2\/comments?post=90482"}],"version-history":[{"count":3,"href":"https:\/\/blogdoedvaldomagalhaes.com.br\/index.php\/wp-json\/wp\/v2\/posts\/90482\/revisions"}],"predecessor-version":[{"id":90487,"href":"https:\/\/blogdoedvaldomagalhaes.com.br\/index.php\/wp-json\/wp\/v2\/posts\/90482\/revisions\/90487"}],"wp:featuredmedia":[{"embeddable":true,"href":"https:\/\/blogdoedvaldomagalhaes.com.br\/index.php\/wp-json\/wp\/v2\/media\/90483"}],"wp:attachment":[{"href":"https:\/\/blogdoedvaldomagalhaes.com.br\/index.php\/wp-json\/wp\/v2\/media?parent=90482"}],"wp:term":[{"taxonomy":"category","embeddable":true,"href":"https:\/\/blogdoedvaldomagalhaes.com.br\/index.php\/wp-json\/wp\/v2\/categories?post=90482"},{"taxonomy":"post_tag","embeddable":true,"href":"https:\/\/blogdoedvaldomagalhaes.com.br\/index.php\/wp-json\/wp\/v2\/tags?post=90482"}],"curies":[{"name":"wp","href":"https:\/\/api.w.org\/{rel}","templated":true}]}}