{"id":90474,"date":"2022-12-04T16:48:54","date_gmt":"2022-12-04T19:48:54","guid":{"rendered":"https:\/\/blogdoedvaldomagalhaes.com.br\/?p=90474"},"modified":"2022-12-04T16:48:55","modified_gmt":"2022-12-04T19:48:55","slug":"nadadora-caruaruense-e-bicampea-da-copa-brasil","status":"publish","type":"post","link":"https:\/\/blogdoedvaldomagalhaes.com.br\/index.php\/2022\/12\/04\/nadadora-caruaruense-e-bicampea-da-copa-brasil\/","title":{"rendered":"Nadadora Caruaruense \u00e9 Bicampe\u00e3 da Copa Brasil"},"content":{"rendered":"<p style=\"text-align: justify;\"><span style=\"font-size: revert; color: initial;\">Neste domingo (04), a nadadora Myrela Coutinho, 14 anos, conquistou o Bicampeonato in\u00e9dito para Pernambuco .<\/span><\/p>\n<p style=\"text-align: justify;\">Myrela foi, pelo segundo ano, campe\u00e3 na prova dos 2.5k , na categoria Infantil, da Copa Brasil , etapa que aconteceu em Inema-BA. A atleta tamb\u00e9m foi vice-campe\u00e3 na mesma prova de 5km, no s\u00e1bado (03).<\/p>\n<p style=\"text-align: justify;\">A atleta, que \u00e9 patrocinada pela Unimed Caruaru, tem se destacado com tamanha grandeza na Copa Brasil de \u00c1guas Abertas, que conquistou, dentro dessa competi\u00e7\u00e3o, uma vaga para a Sele\u00e7\u00e3o Brasileira, em Setembro.<\/p>\n<p style=\"text-align: justify;\">Com orgulho, a Unimed Caruaru , parabeniza Myrela e toda fam\u00edlia pelo esfor\u00e7o e dedica\u00e7\u00e3o at\u00e9 chegar nessa grande conquista para todo o munic\u00edpio de Caruaru. Foto: Divulga\u00e7\u00e3o.<\/p>\n<p style=\"text-align: justify;\">Siga o Instagram do Blog @blogdoedvaldomagalhaes<\/p>\n","protected":false},"excerpt":{"rendered":"<p>Neste domingo (04), a nadadora Myrela Coutinho, 14 anos, conquistou o Bicampeonato in\u00e9dito para Pernambuco . Myrela foi, pelo segundo&hellip;<\/p>\n","protected":false},"author":1,"featured_media":90475,"comment_status":"closed","ping_status":"open","sticky":false,"template":"","format":"standard","meta":{"footnotes":""},"categories":[14120],"tags":[2,19532,3406,26227],"class_list":["post-90474","post","type-post","status-publish","format-standard","has-post-thumbnail","hentry","category-noticias","tag-blog-do-edvaldo-magalhaes","tag-blog-mais-acessado-e-visualizado-de-caruaru-e-regiao","tag-caruaru","tag-nadadora-caruaruense-e-bicampea-da-copa-brasil"],"_links":{"self":[{"href":"https:\/\/blogdoedvaldomagalhaes.com.br\/index.php\/wp-json\/wp\/v2\/posts\/90474","targetHints":{"allow":["GET"]}}],"collection":[{"href":"https:\/\/blogdoedvaldomagalhaes.com.br\/index.php\/wp-json\/wp\/v2\/posts"}],"about":[{"href":"https:\/\/blogdoedvaldomagalhaes.com.br\/index.php\/wp-json\/wp\/v2\/types\/post"}],"author":[{"embeddable":true,"href":"https:\/\/blogdoedvaldomagalhaes.com.br\/index.php\/wp-json\/wp\/v2\/users\/1"}],"replies":[{"embeddable":true,"href":"https:\/\/blogdoedvaldomagalhaes.com.br\/index.php\/wp-json\/wp\/v2\/comments?post=90474"}],"version-history":[{"count":1,"href":"https:\/\/blogdoedvaldomagalhaes.com.br\/index.php\/wp-json\/wp\/v2\/posts\/90474\/revisions"}],"predecessor-version":[{"id":90476,"href":"https:\/\/blogdoedvaldomagalhaes.com.br\/index.php\/wp-json\/wp\/v2\/posts\/90474\/revisions\/90476"}],"wp:featuredmedia":[{"embeddable":true,"href":"https:\/\/blogdoedvaldomagalhaes.com.br\/index.php\/wp-json\/wp\/v2\/media\/90475"}],"wp:attachment":[{"href":"https:\/\/blogdoedvaldomagalhaes.com.br\/index.php\/wp-json\/wp\/v2\/media?parent=90474"}],"wp:term":[{"taxonomy":"category","embeddable":true,"href":"https:\/\/blogdoedvaldomagalhaes.com.br\/index.php\/wp-json\/wp\/v2\/categories?post=90474"},{"taxonomy":"post_tag","embeddable":true,"href":"https:\/\/blogdoedvaldomagalhaes.com.br\/index.php\/wp-json\/wp\/v2\/tags?post=90474"}],"curies":[{"name":"wp","href":"https:\/\/api.w.org\/{rel}","templated":true}]}}