{"id":90471,"date":"2022-12-04T13:42:54","date_gmt":"2022-12-04T16:42:54","guid":{"rendered":"https:\/\/blogdoedvaldomagalhaes.com.br\/?p=90471"},"modified":"2022-12-04T13:42:56","modified_gmt":"2022-12-04T16:42:56","slug":"homem-troca-carro-por-veiculo-furtado-e-e-detido-pela-prf","status":"publish","type":"post","link":"https:\/\/blogdoedvaldomagalhaes.com.br\/index.php\/2022\/12\/04\/homem-troca-carro-por-veiculo-furtado-e-e-detido-pela-prf\/","title":{"rendered":"Homem troca carro por ve\u00edculo furtado e \u00e9 detido pela PRF"},"content":{"rendered":"<p style=\"text-align: justify;\">Um homem que estava em um carro furtado foi detido, no s\u00e1bado (3), pela Pol\u00edcia Rodovi\u00e1ria Federal (PRF), na BR 232, em Bezerros, no Agreste pernambucano. Ele alegou ter adquirido o ve\u00edculo por R$15 mil na troca por outro autom\u00f3vel, h\u00e1 cerca de um m\u00eas.<\/p>\n<p style=\"text-align: justify;\">Uma equipe da PRF realizava uma ronda da Opera\u00e7\u00e3o Sulanca quando deu ordem de parada a um carro ocupado por um casal. Ap\u00f3s um procedimento de identifica\u00e7\u00e3o, foi constatado que o ve\u00edculo portava placas clonadas e havia sido furtado em abril deste ano, na capital paraibana.<\/p>\n<p style=\"text-align: justify;\">O motorista foi encaminhado \u00e0 Delegacia de Pol\u00edcia Civil de Caruaru e poder\u00e1 responder por recepta\u00e7\u00e3o de ve\u00edculo furtado. Foto: Divulga\u00e7\u00e3o\/PRF.<\/p>\n<p style=\"text-align: justify;\">Siga o Instagram do Blog @blogdoedvaldomagalhaes<\/p>\n","protected":false},"excerpt":{"rendered":"<p>Um homem que estava em um carro furtado foi detido, no s\u00e1bado (3), pela Pol\u00edcia Rodovi\u00e1ria Federal (PRF), na BR&hellip;<\/p>\n","protected":false},"author":1,"featured_media":90472,"comment_status":"closed","ping_status":"open","sticky":false,"template":"","format":"standard","meta":{"footnotes":""},"categories":[14121],"tags":[2,19532,3406,26226],"class_list":["post-90471","post","type-post","status-publish","format-standard","has-post-thumbnail","hentry","category-policial","tag-blog-do-edvaldo-magalhaes","tag-blog-mais-acessado-e-visualizado-de-caruaru-e-regiao","tag-caruaru","tag-homem-troca-carro-por-veiculo-furtado-e-e-detido-pela-prf"],"_links":{"self":[{"href":"https:\/\/blogdoedvaldomagalhaes.com.br\/index.php\/wp-json\/wp\/v2\/posts\/90471","targetHints":{"allow":["GET"]}}],"collection":[{"href":"https:\/\/blogdoedvaldomagalhaes.com.br\/index.php\/wp-json\/wp\/v2\/posts"}],"about":[{"href":"https:\/\/blogdoedvaldomagalhaes.com.br\/index.php\/wp-json\/wp\/v2\/types\/post"}],"author":[{"embeddable":true,"href":"https:\/\/blogdoedvaldomagalhaes.com.br\/index.php\/wp-json\/wp\/v2\/users\/1"}],"replies":[{"embeddable":true,"href":"https:\/\/blogdoedvaldomagalhaes.com.br\/index.php\/wp-json\/wp\/v2\/comments?post=90471"}],"version-history":[{"count":1,"href":"https:\/\/blogdoedvaldomagalhaes.com.br\/index.php\/wp-json\/wp\/v2\/posts\/90471\/revisions"}],"predecessor-version":[{"id":90473,"href":"https:\/\/blogdoedvaldomagalhaes.com.br\/index.php\/wp-json\/wp\/v2\/posts\/90471\/revisions\/90473"}],"wp:featuredmedia":[{"embeddable":true,"href":"https:\/\/blogdoedvaldomagalhaes.com.br\/index.php\/wp-json\/wp\/v2\/media\/90472"}],"wp:attachment":[{"href":"https:\/\/blogdoedvaldomagalhaes.com.br\/index.php\/wp-json\/wp\/v2\/media?parent=90471"}],"wp:term":[{"taxonomy":"category","embeddable":true,"href":"https:\/\/blogdoedvaldomagalhaes.com.br\/index.php\/wp-json\/wp\/v2\/categories?post=90471"},{"taxonomy":"post_tag","embeddable":true,"href":"https:\/\/blogdoedvaldomagalhaes.com.br\/index.php\/wp-json\/wp\/v2\/tags?post=90471"}],"curies":[{"name":"wp","href":"https:\/\/api.w.org\/{rel}","templated":true}]}}