{"id":90466,"date":"2022-12-04T13:32:07","date_gmt":"2022-12-04T16:32:07","guid":{"rendered":"https:\/\/blogdoedvaldomagalhaes.com.br\/?p=90466"},"modified":"2022-12-04T13:32:09","modified_gmt":"2022-12-04T16:32:09","slug":"carro-roubado-ha-3-dias-e-recuperado-pela-prf-em-caruaru","status":"publish","type":"post","link":"https:\/\/blogdoedvaldomagalhaes.com.br\/index.php\/2022\/12\/04\/carro-roubado-ha-3-dias-e-recuperado-pela-prf-em-caruaru\/","title":{"rendered":"Carro roubado h\u00e1 3 dias \u00e9 recuperado pela PRF, em Caruaru"},"content":{"rendered":"<p style=\"text-align: justify;\">Um carro que havia sido roubado na quarta-feira (30) foi recuperado no s\u00e1bado (3) pela Pol\u00edcia Rodovi\u00e1ria Federal (PRF), na BR 104, em Caruaru\/PE. A motorista do ve\u00edculo disse ter adquirido o ve\u00edculo por R$13 mil, atrav\u00e9s de um an\u00fancio em rede social.<\/p>\n<p style=\"text-align: justify;\">Policiais do Grupo de Patrulhamento T\u00e1tico da PRF realizavam uma fiscaliza\u00e7\u00e3o no Km 57 da rodovia, quando abordaram um carro com placas de Bel\u00e9m de S\u00e3o Francisco. Em consulta, foi descoberto que o ve\u00edculo possu\u00eda adultera\u00e7\u00f5es e era roubado.<\/p>\n<p style=\"text-align: justify;\">A condutora foi encaminhada \u00e0 Delegacia de Pol\u00edcia Civil de Caruaru, para a ado\u00e7\u00e3o dos procedimentos cab\u00edveis. Foto: Divulga\u00e7\u00e3o\/PRF.<\/p>\n<p style=\"text-align: justify;\">Siga o Instagram do Blog @blogdoedvaldomagalhaes<\/p>\n","protected":false},"excerpt":{"rendered":"<p>Um carro que havia sido roubado na quarta-feira (30) foi recuperado no s\u00e1bado (3) pela Pol\u00edcia Rodovi\u00e1ria Federal (PRF), na&hellip;<\/p>\n","protected":false},"author":1,"featured_media":90467,"comment_status":"closed","ping_status":"open","sticky":false,"template":"","format":"standard","meta":{"footnotes":""},"categories":[14121],"tags":[2,19532,26224,3406],"class_list":["post-90466","post","type-post","status-publish","format-standard","has-post-thumbnail","hentry","category-policial","tag-blog-do-edvaldo-magalhaes","tag-blog-mais-acessado-e-visualizado-de-caruaru-e-regiao","tag-carro-roubado-ha-3-dias-e-recuperado-pela-prf-em-caruaru","tag-caruaru"],"_links":{"self":[{"href":"https:\/\/blogdoedvaldomagalhaes.com.br\/index.php\/wp-json\/wp\/v2\/posts\/90466","targetHints":{"allow":["GET"]}}],"collection":[{"href":"https:\/\/blogdoedvaldomagalhaes.com.br\/index.php\/wp-json\/wp\/v2\/posts"}],"about":[{"href":"https:\/\/blogdoedvaldomagalhaes.com.br\/index.php\/wp-json\/wp\/v2\/types\/post"}],"author":[{"embeddable":true,"href":"https:\/\/blogdoedvaldomagalhaes.com.br\/index.php\/wp-json\/wp\/v2\/users\/1"}],"replies":[{"embeddable":true,"href":"https:\/\/blogdoedvaldomagalhaes.com.br\/index.php\/wp-json\/wp\/v2\/comments?post=90466"}],"version-history":[{"count":1,"href":"https:\/\/blogdoedvaldomagalhaes.com.br\/index.php\/wp-json\/wp\/v2\/posts\/90466\/revisions"}],"predecessor-version":[{"id":90468,"href":"https:\/\/blogdoedvaldomagalhaes.com.br\/index.php\/wp-json\/wp\/v2\/posts\/90466\/revisions\/90468"}],"wp:featuredmedia":[{"embeddable":true,"href":"https:\/\/blogdoedvaldomagalhaes.com.br\/index.php\/wp-json\/wp\/v2\/media\/90467"}],"wp:attachment":[{"href":"https:\/\/blogdoedvaldomagalhaes.com.br\/index.php\/wp-json\/wp\/v2\/media?parent=90466"}],"wp:term":[{"taxonomy":"category","embeddable":true,"href":"https:\/\/blogdoedvaldomagalhaes.com.br\/index.php\/wp-json\/wp\/v2\/categories?post=90466"},{"taxonomy":"post_tag","embeddable":true,"href":"https:\/\/blogdoedvaldomagalhaes.com.br\/index.php\/wp-json\/wp\/v2\/tags?post=90466"}],"curies":[{"name":"wp","href":"https:\/\/api.w.org\/{rel}","templated":true}]}}