{"id":90462,"date":"2022-12-04T13:05:34","date_gmt":"2022-12-04T16:05:34","guid":{"rendered":"https:\/\/blogdoedvaldomagalhaes.com.br\/?p=90462"},"modified":"2022-12-04T13:05:34","modified_gmt":"2022-12-04T16:05:34","slug":"filhote-de-gato-do-mato-e-resgatado-na-br-232","status":"publish","type":"post","link":"https:\/\/blogdoedvaldomagalhaes.com.br\/index.php\/2022\/12\/04\/filhote-de-gato-do-mato-e-resgatado-na-br-232\/","title":{"rendered":"Filhote de gato do mato \u00e9 resgatado na BR 232"},"content":{"rendered":"<p style=\"text-align: justify;\"><span style=\"color: initial; font-size: revert;\">Um filhote de gato do mato foi resgatado na noite de sexta-feira (2), na BR 232, em Sert\u00e2nia, no Sert\u00e3o de Pernambuco. O animal foi encontrado por um motorista de caminh\u00e3o, que o entregou no posto da Pol\u00edcia Rodovi\u00e1ria Federal (PRF).<\/span><\/p>\n<p style=\"text-align: justify;\">Um motorista de caminh\u00e3o transitava pela BR 232, quando avistou o gato do mato no acostamento, com risco de ser atropelado. Com cuidado, o homem conseguiu pegar o animal e o encaminhou \u00e0 unidade da PRF de Cruzeiro do Nordeste, situada no Km 278 da rodovia.<\/p>\n<p style=\"text-align: justify;\">O filhote n\u00e3o apresentava ferimentos e ficou sob os cuidados da equipe que o alimentou com leite. No dia seguinte, ele foi encaminhado \u00e0 Ag\u00eancia Estadual de Meio Ambiente (CPRH), em Arcoverde, tamb\u00e9m no Sert\u00e3o.<\/p>\n<p style=\"text-align: justify;\">Siga o Instagram do Blog @blogdoedvaldomagalhaes<\/p>\n\n\n<figure class=\"wp-block-image size-full\"><img loading=\"lazy\" decoding=\"async\" width=\"768\" height=\"971\" src=\"https:\/\/blogdoedvaldomagalhaes.com.br\/wp-content\/uploads\/2022\/12\/IMG-20221204-WA0033.jpg\" alt=\"\" class=\"wp-image-90464\" srcset=\"https:\/\/blogdoedvaldomagalhaes.com.br\/wp-content\/uploads\/2022\/12\/IMG-20221204-WA0033.jpg 768w, https:\/\/blogdoedvaldomagalhaes.com.br\/wp-content\/uploads\/2022\/12\/IMG-20221204-WA0033-237x300.jpg 237w\" sizes=\"auto, (max-width: 768px) 100vw, 768px\" \/><figcaption>Fotos: Divulga\u00e7\u00e3o\/PRF<\/figcaption><\/figure>\n","protected":false},"excerpt":{"rendered":"<p>Um filhote de gato do mato foi resgatado na noite de sexta-feira (2), na BR 232, em Sert\u00e2nia, no Sert\u00e3o&hellip;<\/p>\n","protected":false},"author":1,"featured_media":90463,"comment_status":"closed","ping_status":"open","sticky":false,"template":"","format":"standard","meta":{"footnotes":""},"categories":[14120],"tags":[2,19532,3406,26223],"class_list":["post-90462","post","type-post","status-publish","format-standard","has-post-thumbnail","hentry","category-noticias","tag-blog-do-edvaldo-magalhaes","tag-blog-mais-acessado-e-visualizado-de-caruaru-e-regiao","tag-caruaru","tag-filhote-de-gato-do-mato-e-resgatado-na-br-232"],"_links":{"self":[{"href":"https:\/\/blogdoedvaldomagalhaes.com.br\/index.php\/wp-json\/wp\/v2\/posts\/90462","targetHints":{"allow":["GET"]}}],"collection":[{"href":"https:\/\/blogdoedvaldomagalhaes.com.br\/index.php\/wp-json\/wp\/v2\/posts"}],"about":[{"href":"https:\/\/blogdoedvaldomagalhaes.com.br\/index.php\/wp-json\/wp\/v2\/types\/post"}],"author":[{"embeddable":true,"href":"https:\/\/blogdoedvaldomagalhaes.com.br\/index.php\/wp-json\/wp\/v2\/users\/1"}],"replies":[{"embeddable":true,"href":"https:\/\/blogdoedvaldomagalhaes.com.br\/index.php\/wp-json\/wp\/v2\/comments?post=90462"}],"version-history":[{"count":1,"href":"https:\/\/blogdoedvaldomagalhaes.com.br\/index.php\/wp-json\/wp\/v2\/posts\/90462\/revisions"}],"predecessor-version":[{"id":90465,"href":"https:\/\/blogdoedvaldomagalhaes.com.br\/index.php\/wp-json\/wp\/v2\/posts\/90462\/revisions\/90465"}],"wp:featuredmedia":[{"embeddable":true,"href":"https:\/\/blogdoedvaldomagalhaes.com.br\/index.php\/wp-json\/wp\/v2\/media\/90463"}],"wp:attachment":[{"href":"https:\/\/blogdoedvaldomagalhaes.com.br\/index.php\/wp-json\/wp\/v2\/media?parent=90462"}],"wp:term":[{"taxonomy":"category","embeddable":true,"href":"https:\/\/blogdoedvaldomagalhaes.com.br\/index.php\/wp-json\/wp\/v2\/categories?post=90462"},{"taxonomy":"post_tag","embeddable":true,"href":"https:\/\/blogdoedvaldomagalhaes.com.br\/index.php\/wp-json\/wp\/v2\/tags?post=90462"}],"curies":[{"name":"wp","href":"https:\/\/api.w.org\/{rel}","templated":true}]}}