{"id":90459,"date":"2022-12-04T08:43:25","date_gmt":"2022-12-04T11:43:25","guid":{"rendered":"https:\/\/blogdoedvaldomagalhaes.com.br\/?p=90459"},"modified":"2022-12-04T08:43:26","modified_gmt":"2022-12-04T11:43:26","slug":"motorista-morre-apos-colidir-carro-em-caminhao-que-estava-parado","status":"publish","type":"post","link":"https:\/\/blogdoedvaldomagalhaes.com.br\/index.php\/2022\/12\/04\/motorista-morre-apos-colidir-carro-em-caminhao-que-estava-parado\/","title":{"rendered":"Motorista morre ap\u00f3s colidir carro em caminh\u00e3o que estava parado"},"content":{"rendered":"<p style=\"text-align: justify;\">O sinistro ocorreu por volta das 6h30, no Km 55,3 da BR 232, em Pombos, no sentido Gravat\u00e1.<\/p>\n<p style=\"text-align: justify;\">O motorista de um carro saiu da pista e colidiu na parte de tr\u00e1s de um caminh\u00e3o que estava parado fora da rodovia.<\/p>\n<p style=\"text-align: justify;\">O motorista do carro estava sozinho no ve\u00edculo e faleceu no local.<\/p>\n<p style=\"text-align: justify;\">A PRF est\u00e1 no local aguardando o IC e IML. Foto: Divulga\u00e7\u00e3o\/PRF.<\/p>\n<p style=\"text-align: justify;\">Siga o Instagram do Blog @blogdoedvaldomagalhaes<\/p>\n","protected":false},"excerpt":{"rendered":"<p>O sinistro ocorreu por volta das 6h30, no Km 55,3 da BR 232, em Pombos, no sentido Gravat\u00e1. O motorista&hellip;<\/p>\n","protected":false},"author":1,"featured_media":90460,"comment_status":"closed","ping_status":"open","sticky":false,"template":"","format":"standard","meta":{"footnotes":""},"categories":[14120],"tags":[2,19532,3406,26222],"class_list":["post-90459","post","type-post","status-publish","format-standard","has-post-thumbnail","hentry","category-noticias","tag-blog-do-edvaldo-magalhaes","tag-blog-mais-acessado-e-visualizado-de-caruaru-e-regiao","tag-caruaru","tag-motorista-morre-apos-colidir-carro-em-caminhao-que-estava-parado"],"_links":{"self":[{"href":"https:\/\/blogdoedvaldomagalhaes.com.br\/index.php\/wp-json\/wp\/v2\/posts\/90459","targetHints":{"allow":["GET"]}}],"collection":[{"href":"https:\/\/blogdoedvaldomagalhaes.com.br\/index.php\/wp-json\/wp\/v2\/posts"}],"about":[{"href":"https:\/\/blogdoedvaldomagalhaes.com.br\/index.php\/wp-json\/wp\/v2\/types\/post"}],"author":[{"embeddable":true,"href":"https:\/\/blogdoedvaldomagalhaes.com.br\/index.php\/wp-json\/wp\/v2\/users\/1"}],"replies":[{"embeddable":true,"href":"https:\/\/blogdoedvaldomagalhaes.com.br\/index.php\/wp-json\/wp\/v2\/comments?post=90459"}],"version-history":[{"count":1,"href":"https:\/\/blogdoedvaldomagalhaes.com.br\/index.php\/wp-json\/wp\/v2\/posts\/90459\/revisions"}],"predecessor-version":[{"id":90461,"href":"https:\/\/blogdoedvaldomagalhaes.com.br\/index.php\/wp-json\/wp\/v2\/posts\/90459\/revisions\/90461"}],"wp:featuredmedia":[{"embeddable":true,"href":"https:\/\/blogdoedvaldomagalhaes.com.br\/index.php\/wp-json\/wp\/v2\/media\/90460"}],"wp:attachment":[{"href":"https:\/\/blogdoedvaldomagalhaes.com.br\/index.php\/wp-json\/wp\/v2\/media?parent=90459"}],"wp:term":[{"taxonomy":"category","embeddable":true,"href":"https:\/\/blogdoedvaldomagalhaes.com.br\/index.php\/wp-json\/wp\/v2\/categories?post=90459"},{"taxonomy":"post_tag","embeddable":true,"href":"https:\/\/blogdoedvaldomagalhaes.com.br\/index.php\/wp-json\/wp\/v2\/tags?post=90459"}],"curies":[{"name":"wp","href":"https:\/\/api.w.org\/{rel}","templated":true}]}}