{"id":90451,"date":"2022-12-03T13:28:46","date_gmt":"2022-12-03T16:28:46","guid":{"rendered":"https:\/\/blogdoedvaldomagalhaes.com.br\/?p=90451"},"modified":"2022-12-03T13:28:49","modified_gmt":"2022-12-03T16:28:49","slug":"pm-liberta-refens-e-recupera-veiculos-e-carga-roubados-em-caruaru","status":"publish","type":"post","link":"https:\/\/blogdoedvaldomagalhaes.com.br\/index.php\/2022\/12\/03\/pm-liberta-refens-e-recupera-veiculos-e-carga-roubados-em-caruaru\/","title":{"rendered":"PM liberta ref\u00e9ns e recupera ve\u00edculos e carga roubados em Caruaru"},"content":{"rendered":"<p style=\"text-align: justify;\"><span style=\"font-size: revert; color: initial;\">Policiais militares do 1\u00ba BIEsp libertaram ref\u00e9ns e realizaram, sexta-feira(2), uma importante apreens\u00e3o de ve\u00edculos e carga roubados, em Caruaru. Ap\u00f3s levantar informa\u00e7\u00f5es sobre um caminh\u00e3o com tecidos que estava em um matagal no distrito de Lajes, o efetivo foi ao ponto indicado fazer a checagem e notou que homens escaparam correndo ao notar sua chegada. N\u00e3o foi poss\u00edvel alcan\u00e7ar o grupo, mas no local estavam n\u00e3o apenas o caminh\u00e3o procurado, como a carga de 206 rolos de jeans e quatro v\u00edtimas da quadrilha. Al\u00e9m deles, havia um outro caminh\u00e3o e um \u00d4nix, tamb\u00e9m abandonados no terreno. No interior dos carros foram apreendidos, ainda, dois inibidores de sinal, duas camisas da Pol\u00edcia Civil e um cinto de guarni\u00e7\u00e3o. Os propriet\u00e1rios dos materiais foram contatados e levados at\u00e9 a Delegacia de Plant\u00e3o, onde foi instaurado um Inqu\u00e9rito por Portaria para investigar o caso.<\/span><\/p>\n\n\n<figure class=\"wp-block-image size-large\"><img loading=\"lazy\" decoding=\"async\" width=\"1024\" height=\"576\" src=\"https:\/\/blogdoedvaldomagalhaes.com.br\/wp-content\/uploads\/2022\/12\/IMG-20221203-WA0037-1024x576.jpg\" alt=\"\" class=\"wp-image-90453\" srcset=\"https:\/\/blogdoedvaldomagalhaes.com.br\/wp-content\/uploads\/2022\/12\/IMG-20221203-WA0037-1024x576.jpg 1024w, https:\/\/blogdoedvaldomagalhaes.com.br\/wp-content\/uploads\/2022\/12\/IMG-20221203-WA0037-300x169.jpg 300w, https:\/\/blogdoedvaldomagalhaes.com.br\/wp-content\/uploads\/2022\/12\/IMG-20221203-WA0037-768x432.jpg 768w, https:\/\/blogdoedvaldomagalhaes.com.br\/wp-content\/uploads\/2022\/12\/IMG-20221203-WA0037-1140x641.jpg 1140w, https:\/\/blogdoedvaldomagalhaes.com.br\/wp-content\/uploads\/2022\/12\/IMG-20221203-WA0037-720x405.jpg 720w, https:\/\/blogdoedvaldomagalhaes.com.br\/wp-content\/uploads\/2022\/12\/IMG-20221203-WA0037.jpg 1280w\" sizes=\"auto, (max-width: 1024px) 100vw, 1024px\" \/><\/figure>\n","protected":false},"excerpt":{"rendered":"<p>Policiais militares do 1\u00ba BIEsp libertaram ref\u00e9ns e realizaram, sexta-feira(2), uma importante apreens\u00e3o de ve\u00edculos e carga roubados, em Caruaru.&hellip;<\/p>\n","protected":false},"author":1,"featured_media":90452,"comment_status":"closed","ping_status":"open","sticky":false,"template":"","format":"standard","meta":{"footnotes":""},"categories":[14121],"tags":[2,19532,3406,26220],"class_list":["post-90451","post","type-post","status-publish","format-standard","has-post-thumbnail","hentry","category-policial","tag-blog-do-edvaldo-magalhaes","tag-blog-mais-acessado-e-visualizado-de-caruaru-e-regiao","tag-caruaru","tag-pm-liberta-refens-e-recupera-veiculos-e-carga-roubados-em-caruaru"],"_links":{"self":[{"href":"https:\/\/blogdoedvaldomagalhaes.com.br\/index.php\/wp-json\/wp\/v2\/posts\/90451","targetHints":{"allow":["GET"]}}],"collection":[{"href":"https:\/\/blogdoedvaldomagalhaes.com.br\/index.php\/wp-json\/wp\/v2\/posts"}],"about":[{"href":"https:\/\/blogdoedvaldomagalhaes.com.br\/index.php\/wp-json\/wp\/v2\/types\/post"}],"author":[{"embeddable":true,"href":"https:\/\/blogdoedvaldomagalhaes.com.br\/index.php\/wp-json\/wp\/v2\/users\/1"}],"replies":[{"embeddable":true,"href":"https:\/\/blogdoedvaldomagalhaes.com.br\/index.php\/wp-json\/wp\/v2\/comments?post=90451"}],"version-history":[{"count":1,"href":"https:\/\/blogdoedvaldomagalhaes.com.br\/index.php\/wp-json\/wp\/v2\/posts\/90451\/revisions"}],"predecessor-version":[{"id":90454,"href":"https:\/\/blogdoedvaldomagalhaes.com.br\/index.php\/wp-json\/wp\/v2\/posts\/90451\/revisions\/90454"}],"wp:featuredmedia":[{"embeddable":true,"href":"https:\/\/blogdoedvaldomagalhaes.com.br\/index.php\/wp-json\/wp\/v2\/media\/90452"}],"wp:attachment":[{"href":"https:\/\/blogdoedvaldomagalhaes.com.br\/index.php\/wp-json\/wp\/v2\/media?parent=90451"}],"wp:term":[{"taxonomy":"category","embeddable":true,"href":"https:\/\/blogdoedvaldomagalhaes.com.br\/index.php\/wp-json\/wp\/v2\/categories?post=90451"},{"taxonomy":"post_tag","embeddable":true,"href":"https:\/\/blogdoedvaldomagalhaes.com.br\/index.php\/wp-json\/wp\/v2\/tags?post=90451"}],"curies":[{"name":"wp","href":"https:\/\/api.w.org\/{rel}","templated":true}]}}