{"id":90444,"date":"2022-12-03T11:10:32","date_gmt":"2022-12-03T14:10:32","guid":{"rendered":"https:\/\/blogdoedvaldomagalhaes.com.br\/?p=90444"},"modified":"2022-12-03T11:11:35","modified_gmt":"2022-12-03T14:11:35","slug":"casa-dos-pobres-de-caruaru-esta-com-a-arvore-dos-pedidos","status":"publish","type":"post","link":"https:\/\/blogdoedvaldomagalhaes.com.br\/index.php\/2022\/12\/03\/casa-dos-pobres-de-caruaru-esta-com-a-arvore-dos-pedidos\/","title":{"rendered":"Casa dos Pobres de Caruaru est\u00e1 com &#8220;\u00c1rvore dos pedidos&#8221;"},"content":{"rendered":"<p style=\"text-align: justify;\">A Casa dos Pobres S\u00e3o Francisco de Assis como todos os anos comemora o Natal dos moradores com a \u201c\u00c1rvore dos pedidos\u201d, os quais s\u00e3o pendurados na Arvore e as pessoas podem escolher o presente para doar.<\/p>\n<p style=\"text-align: justify;\">A maioria dos pedidos s\u00e3o rel\u00f3gios, r\u00e1dios de pilhas, sand\u00e1lias, vestidos e produtos de higiene pessoal.<\/p>\n<p style=\"text-align: justify;\">Os presentes podem ser doados at\u00e9 o dia 20 de dezembro e os interessados podem se informar pelo 81-3721-4325.<\/p>\n<p style=\"text-align: justify;\">&#8220;Venha escolher o seu pedido e fazer o Natal dos idosos mais feliz. Esperamos por voc\u00eas&#8221;, afirmou o presidente da Casa dos Pobres S\u00e3o Francisco de Assis, \u00c9dson Bezerra.<\/p>\n<p style=\"text-align: justify;\">Siga o Instagram do Blog @blogdoedvaldomagalhaes<\/p>\n<p style=\"text-align: justify;\">Foto: Divulga\u00e7\u00e3o.<\/p>\n","protected":false},"excerpt":{"rendered":"<p>A Casa dos Pobres S\u00e3o Francisco de Assis como todos os anos comemora o Natal dos moradores com a \u201c\u00c1rvore&hellip;<\/p>\n","protected":false},"author":1,"featured_media":90445,"comment_status":"closed","ping_status":"open","sticky":false,"template":"","format":"standard","meta":{"footnotes":""},"categories":[14120],"tags":[2,19532,3406,26218],"class_list":["post-90444","post","type-post","status-publish","format-standard","has-post-thumbnail","hentry","category-noticias","tag-blog-do-edvaldo-magalhaes","tag-blog-mais-acessado-e-visualizado-de-caruaru-e-regiao","tag-caruaru","tag-casa-dos-pobres-de-caruaru-esta-com-a-arvore-dos-pedidos"],"_links":{"self":[{"href":"https:\/\/blogdoedvaldomagalhaes.com.br\/index.php\/wp-json\/wp\/v2\/posts\/90444","targetHints":{"allow":["GET"]}}],"collection":[{"href":"https:\/\/blogdoedvaldomagalhaes.com.br\/index.php\/wp-json\/wp\/v2\/posts"}],"about":[{"href":"https:\/\/blogdoedvaldomagalhaes.com.br\/index.php\/wp-json\/wp\/v2\/types\/post"}],"author":[{"embeddable":true,"href":"https:\/\/blogdoedvaldomagalhaes.com.br\/index.php\/wp-json\/wp\/v2\/users\/1"}],"replies":[{"embeddable":true,"href":"https:\/\/blogdoedvaldomagalhaes.com.br\/index.php\/wp-json\/wp\/v2\/comments?post=90444"}],"version-history":[{"count":2,"href":"https:\/\/blogdoedvaldomagalhaes.com.br\/index.php\/wp-json\/wp\/v2\/posts\/90444\/revisions"}],"predecessor-version":[{"id":90447,"href":"https:\/\/blogdoedvaldomagalhaes.com.br\/index.php\/wp-json\/wp\/v2\/posts\/90444\/revisions\/90447"}],"wp:featuredmedia":[{"embeddable":true,"href":"https:\/\/blogdoedvaldomagalhaes.com.br\/index.php\/wp-json\/wp\/v2\/media\/90445"}],"wp:attachment":[{"href":"https:\/\/blogdoedvaldomagalhaes.com.br\/index.php\/wp-json\/wp\/v2\/media?parent=90444"}],"wp:term":[{"taxonomy":"category","embeddable":true,"href":"https:\/\/blogdoedvaldomagalhaes.com.br\/index.php\/wp-json\/wp\/v2\/categories?post=90444"},{"taxonomy":"post_tag","embeddable":true,"href":"https:\/\/blogdoedvaldomagalhaes.com.br\/index.php\/wp-json\/wp\/v2\/tags?post=90444"}],"curies":[{"name":"wp","href":"https:\/\/api.w.org\/{rel}","templated":true}]}}