{"id":90438,"date":"2022-12-03T10:08:35","date_gmt":"2022-12-03T13:08:35","guid":{"rendered":"https:\/\/blogdoedvaldomagalhaes.com.br\/?p=90438"},"modified":"2022-12-03T10:11:06","modified_gmt":"2022-12-03T13:11:06","slug":"professora-da-rede-municipal-de-caruaru-e-selecionada-para-apresentar-sua-pratica-de-alfabetizacao-para-todo-estado","status":"publish","type":"post","link":"https:\/\/blogdoedvaldomagalhaes.com.br\/index.php\/2022\/12\/03\/professora-da-rede-municipal-de-caruaru-e-selecionada-para-apresentar-sua-pratica-de-alfabetizacao-para-todo-estado\/","title":{"rendered":"Professora da rede municipal de Caruaru \u00e9 selecionada para apresentar sua pr\u00e1tica de Alfabetiza\u00e7\u00e3o para todo estado"},"content":{"rendered":"<p style=\"text-align: justify;\"><span style=\"color: initial; font-size: revert;\">A professora alfabetizadora do 1\u00ba ano do Ensino Fundamental da Escola Municipal Lions Club, Marilene F\u00e9lix da Silva, foi uma das 16 selecionadas, entre os 184 munic\u00edpios pernambucanos, para apresentar sua pr\u00e1tica de Alfabetiza\u00e7\u00e3o para todo o estado.<\/span><\/p>\n<p style=\"text-align: justify;\">A convoca\u00e7\u00e3o aconteceu ap\u00f3s a participa\u00e7\u00e3o da representante de Caruaru no Semin\u00e1rio Estadual de Pr\u00e1ticas Inspiradoras de Alfabetiza\u00e7\u00e3o e Letramento do Programa Crian\u00e7a Alfabetizada. Marilene foi selecionada nas etapas municipal, regional e estadual.<\/p>\n<p style=\"text-align: justify;\">&#8220;\u00c9 um momento muito importante para todos n\u00f3s, pois \u00e9 uma oportunidade de valorizar as pr\u00e1ticas pedag\u00f3gicas das nossas professoras em prol da Alfabetiza\u00e7\u00e3o das nossas crian\u00e7as. \u00c9 o protagonismo docente a partir da perspectiva de autoria da pr\u00e1tica pedag\u00f3gica&#8221;, disse a secret\u00e1ria de Educa\u00e7\u00e3o e Esportes de Caruaru, Aline Tib\u00farcio.<\/p>\n<p style=\"text-align: justify;\">O Programa Crian\u00e7a Alfabetizada nasceu no ano de 2019, atendendo, inicialmente, \u00e0s turmas do 1\u00b0 e 2\u00b0 Ano do Ensino Fundamental e, posteriormente, tamb\u00e9m atendendo a Educa\u00e7\u00e3o Infantil &#8211; Pr\u00e9 1 e Pr\u00e9 2.<\/p>\n<p style=\"text-align: justify;\">Hoje, o programa atende na rede municipal de Caruaru, aproximadamente, 13 mil crian\u00e7as da Pr\u00e9-Escola ao 2\u00b0 Ano do Ensino Fundamental.<\/p>\n\n\n<figure class=\"wp-block-image size-large\"><img loading=\"lazy\" decoding=\"async\" width=\"1024\" height=\"576\" src=\"https:\/\/blogdoedvaldomagalhaes.com.br\/wp-content\/uploads\/2022\/12\/IMG-20221203-WA0007-1024x576.jpg\" alt=\"\" class=\"wp-image-90442\" srcset=\"https:\/\/blogdoedvaldomagalhaes.com.br\/wp-content\/uploads\/2022\/12\/IMG-20221203-WA0007-1024x576.jpg 1024w, https:\/\/blogdoedvaldomagalhaes.com.br\/wp-content\/uploads\/2022\/12\/IMG-20221203-WA0007-300x169.jpg 300w, https:\/\/blogdoedvaldomagalhaes.com.br\/wp-content\/uploads\/2022\/12\/IMG-20221203-WA0007-768x432.jpg 768w, https:\/\/blogdoedvaldomagalhaes.com.br\/wp-content\/uploads\/2022\/12\/IMG-20221203-WA0007-1140x641.jpg 1140w, https:\/\/blogdoedvaldomagalhaes.com.br\/wp-content\/uploads\/2022\/12\/IMG-20221203-WA0007-720x405.jpg 720w, https:\/\/blogdoedvaldomagalhaes.com.br\/wp-content\/uploads\/2022\/12\/IMG-20221203-WA0007.jpg 1280w\" sizes=\"auto, (max-width: 1024px) 100vw, 1024px\" \/><figcaption>Fotos: Divulga\u00e7\u00e3o<\/figcaption><\/figure>\n","protected":false},"excerpt":{"rendered":"<p>A professora alfabetizadora do 1\u00ba ano do Ensino Fundamental da Escola Municipal Lions Club, Marilene F\u00e9lix da Silva, foi uma&hellip;<\/p>\n","protected":false},"author":1,"featured_media":90440,"comment_status":"closed","ping_status":"open","sticky":false,"template":"","format":"standard","meta":{"footnotes":""},"categories":[14120],"tags":[2,19532,3406,26217],"class_list":["post-90438","post","type-post","status-publish","format-standard","has-post-thumbnail","hentry","category-noticias","tag-blog-do-edvaldo-magalhaes","tag-blog-mais-acessado-e-visualizado-de-caruaru-e-regiao","tag-caruaru","tag-professora-da-rede-municipal-de-caruaru-e-selecionada-para-apresentar-sua-pratica-de-alfabetizacao-para-todo-estado"],"_links":{"self":[{"href":"https:\/\/blogdoedvaldomagalhaes.com.br\/index.php\/wp-json\/wp\/v2\/posts\/90438","targetHints":{"allow":["GET"]}}],"collection":[{"href":"https:\/\/blogdoedvaldomagalhaes.com.br\/index.php\/wp-json\/wp\/v2\/posts"}],"about":[{"href":"https:\/\/blogdoedvaldomagalhaes.com.br\/index.php\/wp-json\/wp\/v2\/types\/post"}],"author":[{"embeddable":true,"href":"https:\/\/blogdoedvaldomagalhaes.com.br\/index.php\/wp-json\/wp\/v2\/users\/1"}],"replies":[{"embeddable":true,"href":"https:\/\/blogdoedvaldomagalhaes.com.br\/index.php\/wp-json\/wp\/v2\/comments?post=90438"}],"version-history":[{"count":2,"href":"https:\/\/blogdoedvaldomagalhaes.com.br\/index.php\/wp-json\/wp\/v2\/posts\/90438\/revisions"}],"predecessor-version":[{"id":90443,"href":"https:\/\/blogdoedvaldomagalhaes.com.br\/index.php\/wp-json\/wp\/v2\/posts\/90438\/revisions\/90443"}],"wp:featuredmedia":[{"embeddable":true,"href":"https:\/\/blogdoedvaldomagalhaes.com.br\/index.php\/wp-json\/wp\/v2\/media\/90440"}],"wp:attachment":[{"href":"https:\/\/blogdoedvaldomagalhaes.com.br\/index.php\/wp-json\/wp\/v2\/media?parent=90438"}],"wp:term":[{"taxonomy":"category","embeddable":true,"href":"https:\/\/blogdoedvaldomagalhaes.com.br\/index.php\/wp-json\/wp\/v2\/categories?post=90438"},{"taxonomy":"post_tag","embeddable":true,"href":"https:\/\/blogdoedvaldomagalhaes.com.br\/index.php\/wp-json\/wp\/v2\/tags?post=90438"}],"curies":[{"name":"wp","href":"https:\/\/api.w.org\/{rel}","templated":true}]}}