{"id":90432,"date":"2022-12-02T23:25:11","date_gmt":"2022-12-03T02:25:11","guid":{"rendered":"https:\/\/blogdoedvaldomagalhaes.com.br\/?p=90432"},"modified":"2022-12-02T23:35:22","modified_gmt":"2022-12-03T02:35:22","slug":"vereador-cabo-cardoso-solicita-aquisicao-de-veiculo-para-pessoas-em-tratamento-de-hemodialise","status":"publish","type":"post","link":"https:\/\/blogdoedvaldomagalhaes.com.br\/index.php\/2022\/12\/02\/vereador-cabo-cardoso-solicita-aquisicao-de-veiculo-para-pessoas-em-tratamento-de-hemodialise\/","title":{"rendered":"Vereador Cabo Cardoso solicita aquisi\u00e7\u00e3o de ve\u00edculo para pessoas em tratamento de hemodi\u00e1lise"},"content":{"rendered":"<p style=\"text-align: justify;\">O Vereador Cabo Cardoso solicitou a prefeitura de Caruaru, a aquisi\u00e7\u00e3o de mais um ve\u00edculo para conduzir as pessoas que fazem tratamento de hemodi\u00e1lise. O parlamentar refor\u00e7ou a situa\u00e7\u00e3o muitas vezes prec\u00e1ria com gastos com o tratamento e muita gente encontram dificuldades em ter que pagar muitas das vezes em tr\u00eas dias por semana para se deslocar at\u00e9 o centro de hemodi\u00e1lise para fazer o tratamento.<\/p>\n<p style=\"text-align: justify;\">A Secretaria de Sa\u00fade oferece transporte para os pacientes em tratamento de hemodi\u00e1lise pelo SUS. Quando a pessoa \u00e9 liberada pelo hospital com o encaminhamento para a hemodi\u00e1lise, a secretaria o encaminha diretamente para o setor de transporte com hor\u00e1rio e local definidos.<\/p>\n<p style=\"text-align: justify;\">Foto: Vladimir Barreto.<\/p>\n<p style=\"text-align: justify;\">Siga o Instagram do Blog @blogdoedvaldomagalhaes<\/p>\n","protected":false},"excerpt":{"rendered":"<p>O Vereador Cabo Cardoso solicitou a prefeitura de Caruaru, a aquisi\u00e7\u00e3o de mais um ve\u00edculo para conduzir as pessoas que&hellip;<\/p>\n","protected":false},"author":1,"featured_media":90433,"comment_status":"closed","ping_status":"open","sticky":false,"template":"","format":"standard","meta":{"footnotes":""},"categories":[14122],"tags":[2,19532,3406,20,26216],"class_list":["post-90432","post","type-post","status-publish","format-standard","has-post-thumbnail","hentry","category-politica","tag-blog-do-edvaldo-magalhaes","tag-blog-mais-acessado-e-visualizado-de-caruaru-e-regiao","tag-caruaru","tag-politica","tag-vereador-cabo-cardoso-solicita-aquisicao-de-veiculo-para-pessoas-em-tratamento-de-hemodialise"],"_links":{"self":[{"href":"https:\/\/blogdoedvaldomagalhaes.com.br\/index.php\/wp-json\/wp\/v2\/posts\/90432","targetHints":{"allow":["GET"]}}],"collection":[{"href":"https:\/\/blogdoedvaldomagalhaes.com.br\/index.php\/wp-json\/wp\/v2\/posts"}],"about":[{"href":"https:\/\/blogdoedvaldomagalhaes.com.br\/index.php\/wp-json\/wp\/v2\/types\/post"}],"author":[{"embeddable":true,"href":"https:\/\/blogdoedvaldomagalhaes.com.br\/index.php\/wp-json\/wp\/v2\/users\/1"}],"replies":[{"embeddable":true,"href":"https:\/\/blogdoedvaldomagalhaes.com.br\/index.php\/wp-json\/wp\/v2\/comments?post=90432"}],"version-history":[{"count":2,"href":"https:\/\/blogdoedvaldomagalhaes.com.br\/index.php\/wp-json\/wp\/v2\/posts\/90432\/revisions"}],"predecessor-version":[{"id":90435,"href":"https:\/\/blogdoedvaldomagalhaes.com.br\/index.php\/wp-json\/wp\/v2\/posts\/90432\/revisions\/90435"}],"wp:featuredmedia":[{"embeddable":true,"href":"https:\/\/blogdoedvaldomagalhaes.com.br\/index.php\/wp-json\/wp\/v2\/media\/90433"}],"wp:attachment":[{"href":"https:\/\/blogdoedvaldomagalhaes.com.br\/index.php\/wp-json\/wp\/v2\/media?parent=90432"}],"wp:term":[{"taxonomy":"category","embeddable":true,"href":"https:\/\/blogdoedvaldomagalhaes.com.br\/index.php\/wp-json\/wp\/v2\/categories?post=90432"},{"taxonomy":"post_tag","embeddable":true,"href":"https:\/\/blogdoedvaldomagalhaes.com.br\/index.php\/wp-json\/wp\/v2\/tags?post=90432"}],"curies":[{"name":"wp","href":"https:\/\/api.w.org\/{rel}","templated":true}]}}