{"id":90429,"date":"2022-12-02T19:40:25","date_gmt":"2022-12-02T22:40:25","guid":{"rendered":"https:\/\/blogdoedvaldomagalhaes.com.br\/?p=90429"},"modified":"2022-12-02T19:40:26","modified_gmt":"2022-12-02T22:40:26","slug":"prefeitura-de-caruaru-disponibiliza-plano-de-saude-para-servidores-municipais","status":"publish","type":"post","link":"https:\/\/blogdoedvaldomagalhaes.com.br\/index.php\/2022\/12\/02\/prefeitura-de-caruaru-disponibiliza-plano-de-saude-para-servidores-municipais\/","title":{"rendered":"Prefeitura de Caruaru disponibiliza Plano de Sa\u00fade para servidores municipais"},"content":{"rendered":"<p style=\"text-align: justify;\"><span style=\"color: initial; font-size: revert;\">Ap\u00f3s o an\u00fancio do contrato in\u00e9dito da Prefeitura de Caruaru com a Unimed Caruaru para beneficiar os servidores municipais (efetivos e contratados) com a oferta de planos de sa\u00fade em condi\u00e7\u00f5es especiais, foram iniciadas as vendas. Para facilitar o processo de contrata\u00e7\u00e3o do plano de sa\u00fade, a cooperativa m\u00e9dica estar\u00e1 disponibilizando duas esta\u00e7\u00f5es de atendimento para os servidores tirarem todas as d\u00favidas, at\u00e9 a pr\u00f3xima sexta (09), no hor\u00e1rio das 09h \u00e0s 13h, exceto no s\u00e1bado e domingo. Uma delas est\u00e1 localizada no hall da Prefeitura de Caruaru, que fica na Pra\u00e7a Teot\u00f4nio Vilela, s\/n, no bairro Nossa Sr\u00aa das Dores, Centro. A outra esta\u00e7\u00e3o est\u00e1 instalada no RH do Centro Administrativo I, que fica na rua Professor Lourival Vilanova, n\u00ba 118, no bairro Universit\u00e1rio.<\/span><\/p>\n<p style=\"text-align: justify;\">Funcion\u00e1rios da cooperativa m\u00e9dica estar\u00e3o nestes locais para dar suporte aos novos usu\u00e1rios, fazendo a apresenta\u00e7\u00e3o dos planos e os encaminhamentos. S\u00e3o tr\u00eas op\u00e7\u00f5es de planos de sa\u00fade: Unimed Pleno, Unimed Pleno Coparticipa\u00e7\u00e3o e \u00danico II. Os pre\u00e7os variam de acordo com cada faixa et\u00e1ria, mas est\u00e3o sendo comercializados a partir de R$ 112,05 (faixa et\u00e1ria de 0 a 18 anos).<\/p>\n<p style=\"text-align: justify;\">O servidor que fizer a contrata\u00e7\u00e3o ou a migra\u00e7\u00e3o de plano at\u00e9 o dia 15 deste m\u00eas, estar\u00e1 liberado do per\u00edodo de car\u00eancia. Para isso, \u00e9 preciso estar na ativa, ocupando cargos efetivos, comissionados ou contratados.<\/p>\n<p style=\"text-align: justify;\">Os servidores titulares poder\u00e3o incluir dependentes no plano, desde que eles sejam c\u00f4njuges ou companheiros de uni\u00e3o est\u00e1vel, filhos solteiros at\u00e9 18 anos de idade, e tamb\u00e9m na faixa et\u00e1ria de 18 a 24 anos (economicamente dependentes do servidor), al\u00e9m de estudantes de curso de ensino superior.<\/p>\n<p style=\"text-align: justify;\">O plano pode ser contratado tamb\u00e9m por telefone, atrav\u00e9s do n\u00famero (81) 9 9268-2240 e na Central de Vendas da Unimed Caruaru, que fica localizada na avenida Agamenon Magalh\u00e3es, n\u00ba 426, bairro Maur\u00edcio de Nassau. No local, tamb\u00e9m foi instalada uma esta\u00e7\u00e3o de atendimento exclusiva para os servidores da prefeitura de Caruaru, com um funcion\u00e1rio dispon\u00edvel das 09h \u00e0s 13h, durante a pr\u00f3xima semana (de 05 a 09 de dezembro). Foto: Divulga\u00e7\u00e3o.<\/p>\n<p style=\"text-align: justify;\">Siga o Instagram do Blog @blogdoedvaldomagalhaes<\/p>\n","protected":false},"excerpt":{"rendered":"<p>Ap\u00f3s o an\u00fancio do contrato in\u00e9dito da Prefeitura de Caruaru com a Unimed Caruaru para beneficiar os servidores municipais (efetivos&hellip;<\/p>\n","protected":false},"author":1,"featured_media":90430,"comment_status":"closed","ping_status":"open","sticky":false,"template":"","format":"standard","meta":{"footnotes":""},"categories":[14120],"tags":[2,19532,3406,26215],"class_list":["post-90429","post","type-post","status-publish","format-standard","has-post-thumbnail","hentry","category-noticias","tag-blog-do-edvaldo-magalhaes","tag-blog-mais-acessado-e-visualizado-de-caruaru-e-regiao","tag-caruaru","tag-prefeitura-de-caruaru-disponibiliza-plano-de-saude-para-servidores-municipais"],"_links":{"self":[{"href":"https:\/\/blogdoedvaldomagalhaes.com.br\/index.php\/wp-json\/wp\/v2\/posts\/90429","targetHints":{"allow":["GET"]}}],"collection":[{"href":"https:\/\/blogdoedvaldomagalhaes.com.br\/index.php\/wp-json\/wp\/v2\/posts"}],"about":[{"href":"https:\/\/blogdoedvaldomagalhaes.com.br\/index.php\/wp-json\/wp\/v2\/types\/post"}],"author":[{"embeddable":true,"href":"https:\/\/blogdoedvaldomagalhaes.com.br\/index.php\/wp-json\/wp\/v2\/users\/1"}],"replies":[{"embeddable":true,"href":"https:\/\/blogdoedvaldomagalhaes.com.br\/index.php\/wp-json\/wp\/v2\/comments?post=90429"}],"version-history":[{"count":1,"href":"https:\/\/blogdoedvaldomagalhaes.com.br\/index.php\/wp-json\/wp\/v2\/posts\/90429\/revisions"}],"predecessor-version":[{"id":90431,"href":"https:\/\/blogdoedvaldomagalhaes.com.br\/index.php\/wp-json\/wp\/v2\/posts\/90429\/revisions\/90431"}],"wp:featuredmedia":[{"embeddable":true,"href":"https:\/\/blogdoedvaldomagalhaes.com.br\/index.php\/wp-json\/wp\/v2\/media\/90430"}],"wp:attachment":[{"href":"https:\/\/blogdoedvaldomagalhaes.com.br\/index.php\/wp-json\/wp\/v2\/media?parent=90429"}],"wp:term":[{"taxonomy":"category","embeddable":true,"href":"https:\/\/blogdoedvaldomagalhaes.com.br\/index.php\/wp-json\/wp\/v2\/categories?post=90429"},{"taxonomy":"post_tag","embeddable":true,"href":"https:\/\/blogdoedvaldomagalhaes.com.br\/index.php\/wp-json\/wp\/v2\/tags?post=90429"}],"curies":[{"name":"wp","href":"https:\/\/api.w.org\/{rel}","templated":true}]}}