{"id":90426,"date":"2022-12-02T19:05:40","date_gmt":"2022-12-02T22:05:40","guid":{"rendered":"https:\/\/blogdoedvaldomagalhaes.com.br\/?p=90426"},"modified":"2022-12-02T23:37:31","modified_gmt":"2022-12-03T02:37:31","slug":"vereador-val-lima-solicita-parada-de-veiculos-na-rua-15-de-novembro-no-centro-de-caruaru","status":"publish","type":"post","link":"https:\/\/blogdoedvaldomagalhaes.com.br\/index.php\/2022\/12\/02\/vereador-val-lima-solicita-parada-de-veiculos-na-rua-15-de-novembro-no-centro-de-caruaru\/","title":{"rendered":"Vereador Val Lima solicita parada de ve\u00edculos na rua 15 de novembro no centro de Caruaru"},"content":{"rendered":"<p style=\"text-align: justify;\">A Prefeitura de Caruaru realizou as obras de requalifica\u00e7\u00e3o das ruas 15 de Novembro e 7 de Setembro, no centro de Caruaru,<span style=\"font-size: revert; color: initial;\"> com constru\u00e7\u00e3o de pontos de \u00f4nibus, mototaxistas e aplicativos, al\u00e9m de drenagem, e recapeamento asf\u00e1ltico, por\u00e9m, n\u00e3o tem local para parada de ve\u00edculos.<\/span><\/p>\n<p style=\"text-align: justify;\">O vereador Val Lima, usou a tribuna da C\u00e2mara Municipal de Caruaru, e cobrou parada de ve\u00edculos na rua 15 de novembro, sem multa. O parlamentar conversou com o secret\u00e1rio municipal de Governador, Lino Portela, e uma reuni\u00e3o ser\u00e1 marcada entre os Poderes Executivo e Legislativo, para discutir o assunto e ter uma solu\u00e7\u00e3o. Foto: Vladimir Barreto.<\/p>\n<p style=\"text-align: justify;\">Siga o Instagram do Blog @blogdoedvaldomagalhaes<\/p>\n","protected":false},"excerpt":{"rendered":"<p>A Prefeitura de Caruaru realizou as obras de requalifica\u00e7\u00e3o das ruas 15 de Novembro e 7 de Setembro, no centro&hellip;<\/p>\n","protected":false},"author":1,"featured_media":90427,"comment_status":"closed","ping_status":"open","sticky":false,"template":"","format":"standard","meta":{"footnotes":""},"categories":[14122],"tags":[2,19532,3406,20,26214],"class_list":["post-90426","post","type-post","status-publish","format-standard","has-post-thumbnail","hentry","category-politica","tag-blog-do-edvaldo-magalhaes","tag-blog-mais-acessado-e-visualizado-de-caruaru-e-regiao","tag-caruaru","tag-politica","tag-vereador-val-lima-solicita-parada-de-veiculos-na-rua-15-de-novembro-no-centro-de-caruaru"],"_links":{"self":[{"href":"https:\/\/blogdoedvaldomagalhaes.com.br\/index.php\/wp-json\/wp\/v2\/posts\/90426","targetHints":{"allow":["GET"]}}],"collection":[{"href":"https:\/\/blogdoedvaldomagalhaes.com.br\/index.php\/wp-json\/wp\/v2\/posts"}],"about":[{"href":"https:\/\/blogdoedvaldomagalhaes.com.br\/index.php\/wp-json\/wp\/v2\/types\/post"}],"author":[{"embeddable":true,"href":"https:\/\/blogdoedvaldomagalhaes.com.br\/index.php\/wp-json\/wp\/v2\/users\/1"}],"replies":[{"embeddable":true,"href":"https:\/\/blogdoedvaldomagalhaes.com.br\/index.php\/wp-json\/wp\/v2\/comments?post=90426"}],"version-history":[{"count":2,"href":"https:\/\/blogdoedvaldomagalhaes.com.br\/index.php\/wp-json\/wp\/v2\/posts\/90426\/revisions"}],"predecessor-version":[{"id":90436,"href":"https:\/\/blogdoedvaldomagalhaes.com.br\/index.php\/wp-json\/wp\/v2\/posts\/90426\/revisions\/90436"}],"wp:featuredmedia":[{"embeddable":true,"href":"https:\/\/blogdoedvaldomagalhaes.com.br\/index.php\/wp-json\/wp\/v2\/media\/90427"}],"wp:attachment":[{"href":"https:\/\/blogdoedvaldomagalhaes.com.br\/index.php\/wp-json\/wp\/v2\/media?parent=90426"}],"wp:term":[{"taxonomy":"category","embeddable":true,"href":"https:\/\/blogdoedvaldomagalhaes.com.br\/index.php\/wp-json\/wp\/v2\/categories?post=90426"},{"taxonomy":"post_tag","embeddable":true,"href":"https:\/\/blogdoedvaldomagalhaes.com.br\/index.php\/wp-json\/wp\/v2\/tags?post=90426"}],"curies":[{"name":"wp","href":"https:\/\/api.w.org\/{rel}","templated":true}]}}