{"id":90422,"date":"2022-12-02T18:24:03","date_gmt":"2022-12-02T21:24:03","guid":{"rendered":"https:\/\/blogdoedvaldomagalhaes.com.br\/?p=90422"},"modified":"2022-12-02T18:44:40","modified_gmt":"2022-12-02T21:44:40","slug":"1a-igreja-batista-realiza-feirinha-beneficente-em-caruaru-neste-sabado-03","status":"publish","type":"post","link":"https:\/\/blogdoedvaldomagalhaes.com.br\/index.php\/2022\/12\/02\/1a-igreja-batista-realiza-feirinha-beneficente-em-caruaru-neste-sabado-03\/","title":{"rendered":"1\u00aa Igreja Batista realiza &#8216;Feirinha Beneficente&#8217; em Caruaru neste s\u00e1bado (03)"},"content":{"rendered":"<div id=\"chunk-5d21j\">\n<p style=\"text-align: justify;\">A 1\u00aa Igreja Batista de Caruaru, promove uma feira beneficente neste s\u00e1bado (03), com venda de v\u00e1rios artigos em bom estado.<\/p>\n<\/div>\n<div id=\"chunk-dqfbs\" style=\"text-align: justify;\">\n<p>A feirinha anual da PIB pretende arrecadar dinheiro para a policl\u00ednica Batista, segundo Alessandra Monteiro, assistente social e uma das organizadoras do evento. &#8220;\u00c9 uma institui\u00e7\u00e3o que se mant\u00e9m por doa\u00e7\u00f5es, fazemos essa feirinha com a venda de m\u00f3veis, cal\u00e7ados, eletrodom\u00e9sticos, roupas novas e semi novas , bijuterias, todos em bom estado, com valores simb\u00f3licos&#8221;, disse a organizadora Alessandra.<span style=\"font-size: revert; color: initial;\">\u00a0<\/span><\/p>\n<p><span style=\"font-size: revert; color: initial;\">A feirinha ser\u00e1 realizada no estacionamento da policl\u00ednica, localizada na rua Marc\u00edlio Dias, 99, no bairro S\u00e3o Francisco, das 8h \u00e0s 12h. Foto: Divulga\u00e7\u00e3o\/Arquivo.<\/span><\/p>\n<\/div>\n<div id=\"chunk-2kehp\">\n<p style=\"text-align: justify;\">Siga o Instagram do Blog @blogdoedvaldomagalhaes.<\/p>\n<\/div>\n","protected":false},"excerpt":{"rendered":"<p>A 1\u00aa Igreja Batista de Caruaru, promove uma feira beneficente neste s\u00e1bado (03), com venda de v\u00e1rios artigos em bom&hellip;<\/p>\n","protected":false},"author":1,"featured_media":90423,"comment_status":"closed","ping_status":"open","sticky":false,"template":"","format":"standard","meta":{"footnotes":""},"categories":[14120],"tags":[26213],"class_list":["post-90422","post","type-post","status-publish","format-standard","has-post-thumbnail","hentry","category-noticias","tag-1a-igreja-batista-realiza-feirinha-beneficente-em-caruaru-neste-sabado-03"],"_links":{"self":[{"href":"https:\/\/blogdoedvaldomagalhaes.com.br\/index.php\/wp-json\/wp\/v2\/posts\/90422","targetHints":{"allow":["GET"]}}],"collection":[{"href":"https:\/\/blogdoedvaldomagalhaes.com.br\/index.php\/wp-json\/wp\/v2\/posts"}],"about":[{"href":"https:\/\/blogdoedvaldomagalhaes.com.br\/index.php\/wp-json\/wp\/v2\/types\/post"}],"author":[{"embeddable":true,"href":"https:\/\/blogdoedvaldomagalhaes.com.br\/index.php\/wp-json\/wp\/v2\/users\/1"}],"replies":[{"embeddable":true,"href":"https:\/\/blogdoedvaldomagalhaes.com.br\/index.php\/wp-json\/wp\/v2\/comments?post=90422"}],"version-history":[{"count":2,"href":"https:\/\/blogdoedvaldomagalhaes.com.br\/index.php\/wp-json\/wp\/v2\/posts\/90422\/revisions"}],"predecessor-version":[{"id":90425,"href":"https:\/\/blogdoedvaldomagalhaes.com.br\/index.php\/wp-json\/wp\/v2\/posts\/90422\/revisions\/90425"}],"wp:featuredmedia":[{"embeddable":true,"href":"https:\/\/blogdoedvaldomagalhaes.com.br\/index.php\/wp-json\/wp\/v2\/media\/90423"}],"wp:attachment":[{"href":"https:\/\/blogdoedvaldomagalhaes.com.br\/index.php\/wp-json\/wp\/v2\/media?parent=90422"}],"wp:term":[{"taxonomy":"category","embeddable":true,"href":"https:\/\/blogdoedvaldomagalhaes.com.br\/index.php\/wp-json\/wp\/v2\/categories?post=90422"},{"taxonomy":"post_tag","embeddable":true,"href":"https:\/\/blogdoedvaldomagalhaes.com.br\/index.php\/wp-json\/wp\/v2\/tags?post=90422"}],"curies":[{"name":"wp","href":"https:\/\/api.w.org\/{rel}","templated":true}]}}