{"id":904,"date":"2018-10-25T11:49:00","date_gmt":"2018-10-25T13:49:00","guid":{"rendered":"http:\/\/blogdoedvaldomagalhaes.com.br\/index.php\/2018\/10\/25\/acidente-entre-dois-carros-na-br-104-e\/"},"modified":"2019-02-09T02:36:46","modified_gmt":"2019-02-09T04:36:46","slug":"acidente-entre-dois-carros-na-br-104-e","status":"publish","type":"post","link":"https:\/\/blogdoedvaldomagalhaes.com.br\/index.php\/2018\/10\/25\/acidente-entre-dois-carros-na-br-104-e\/","title":{"rendered":"Acidente entre dois carros na BR-104 em Caruaru"},"content":{"rendered":"<div class=\"separator\" style=\"clear: both; text-align: center;\">\n<a href=\"https:\/\/3.bp.blogspot.com\/-VPxFSS8llYY\/W9GtLYe5nWI\/AAAAAAAA8V0\/ayz7KYb4BEUQb0mk6dCQcLiVDtHCf9fhQCLcBGAs\/s1600\/IMG_20181025_082332479.jpg\" imageanchor=\"1\" style=\"margin-left: 1em; margin-right: 1em;\"><img loading=\"lazy\" decoding=\"async\" border=\"0\" data-original-height=\"1200\" data-original-width=\"1600\" height=\"480\" src=\"http:\/\/blogdoedvaldomagalhaes.com.br\/wp-content\/uploads\/2018\/10\/IMG_20181025_082332479.jpg\" width=\"640\" \/><\/a><\/div>\n<p><\/p>\n<div class=\"separator\" style=\"clear: both; text-align: center;\">\n<a href=\"https:\/\/3.bp.blogspot.com\/-ue0_KF2IWtg\/W9GtRww5I1I\/AAAAAAAA8V4\/YZ6jWjtIBQ8tawALDz4JOpCsmBp1k-vQQCLcBGAs\/s1600\/IMG_20181025_082442397.jpg\" imageanchor=\"1\" style=\"margin-left: 1em; margin-right: 1em;\"><img loading=\"lazy\" decoding=\"async\" border=\"0\" data-original-height=\"1200\" data-original-width=\"1600\" height=\"480\" src=\"http:\/\/blogdoedvaldomagalhaes.com.br\/wp-content\/uploads\/2018\/10\/IMG_20181025_082442397.jpg\" width=\"640\" \/><\/a><\/div>\n<div style=\"text-align: justify;\">\n<\/div>\n<div style=\"text-align: justify;\">\nUm acidente de tr\u00e2nsito aconteceu na manh\u00e3 desta quinta-feira (25), no retorno em frente ao P\u00f3lo Caruaru, na BR-104, em Caruaru, envolvendo um ve\u00edculo Parati de placas KIV-6373-Gravat\u00e1 e um Corolla de placas PEI-4874, sem v\u00edtimas.<\/p>\n<\/div>\n","protected":false},"excerpt":{"rendered":"<p>Um acidente de tr\u00e2nsito aconteceu na manh\u00e3 desta quinta-feira (25), no retorno em frente ao P\u00f3lo Caruaru, na BR-104, em&hellip;<\/p>\n","protected":false},"author":1,"featured_media":0,"comment_status":"open","ping_status":"open","sticky":false,"template":"","format":"standard","meta":{"footnotes":""},"categories":[1],"tags":[854,2,6],"class_list":["post-904","post","type-post","status-publish","format-standard","hentry","category-sem-categoria","tag-acidente-entre-dois-carros-na-br-104-em-caruaru","tag-blog-do-edvaldo-magalhaes","tag-noticias"],"_links":{"self":[{"href":"https:\/\/blogdoedvaldomagalhaes.com.br\/index.php\/wp-json\/wp\/v2\/posts\/904","targetHints":{"allow":["GET"]}}],"collection":[{"href":"https:\/\/blogdoedvaldomagalhaes.com.br\/index.php\/wp-json\/wp\/v2\/posts"}],"about":[{"href":"https:\/\/blogdoedvaldomagalhaes.com.br\/index.php\/wp-json\/wp\/v2\/types\/post"}],"author":[{"embeddable":true,"href":"https:\/\/blogdoedvaldomagalhaes.com.br\/index.php\/wp-json\/wp\/v2\/users\/1"}],"replies":[{"embeddable":true,"href":"https:\/\/blogdoedvaldomagalhaes.com.br\/index.php\/wp-json\/wp\/v2\/comments?post=904"}],"version-history":[{"count":1,"href":"https:\/\/blogdoedvaldomagalhaes.com.br\/index.php\/wp-json\/wp\/v2\/posts\/904\/revisions"}],"predecessor-version":[{"id":35240,"href":"https:\/\/blogdoedvaldomagalhaes.com.br\/index.php\/wp-json\/wp\/v2\/posts\/904\/revisions\/35240"}],"wp:attachment":[{"href":"https:\/\/blogdoedvaldomagalhaes.com.br\/index.php\/wp-json\/wp\/v2\/media?parent=904"}],"wp:term":[{"taxonomy":"category","embeddable":true,"href":"https:\/\/blogdoedvaldomagalhaes.com.br\/index.php\/wp-json\/wp\/v2\/categories?post=904"},{"taxonomy":"post_tag","embeddable":true,"href":"https:\/\/blogdoedvaldomagalhaes.com.br\/index.php\/wp-json\/wp\/v2\/tags?post=904"}],"curies":[{"name":"wp","href":"https:\/\/api.w.org\/{rel}","templated":true}]}}