{"id":9039,"date":"2016-07-11T19:41:00","date_gmt":"2016-07-11T22:41:00","guid":{"rendered":"http:\/\/blogdoedvaldomagalhaes.com.br\/index.php\/2016\/07\/11\/fechada-chapa-joao-paulo-e-silvio-costa\/"},"modified":"2019-02-09T00:47:47","modified_gmt":"2019-02-09T02:47:47","slug":"fechada-chapa-joao-paulo-e-silvio-costa","status":"publish","type":"post","link":"https:\/\/blogdoedvaldomagalhaes.com.br\/index.php\/2016\/07\/11\/fechada-chapa-joao-paulo-e-silvio-costa\/","title":{"rendered":"Fechada chapa Jo\u00e3o Paulo e Silvio Costa Filho para a Prefeitura do Recife"},"content":{"rendered":"<div class=\"separator\" style=\"clear: both; text-align: center;\">\n<a href=\"https:\/\/4.bp.blogspot.com\/-tMozwG9VYb0\/V4P1P_sEu1I\/AAAAAAAACBo\/AaKf6YJ4ftUx7rSGD-xhCdTBWqO3LVW4QCLcB\/s1600\/jo%25C3%25A3o.JPG\" imageanchor=\"1\" style=\"margin-left: 1em; margin-right: 1em;\"><img loading=\"lazy\" decoding=\"async\" border=\"0\" height=\"300\" src=\"http:\/\/blogdoedvaldomagalhaes.com.br\/wp-content\/uploads\/2016\/07\/joC3A3o-1.jpg\" width=\"400\" \/><\/a><\/div>\n<div style=\"background-color: white; color: #1d2129; font-family: helvetica, arial, sans-serif; font-size: 14px; line-height: 19.32px; margin-bottom: 6px;\">\n<\/div>\n<div style=\"background-color: white; color: #1d2129; display: inline; line-height: 19.32px; margin-top: 6px;\">\n<\/div>\n<div style=\"text-align: justify;\">\nEm Recife o martelo j\u00e1 foi batido: o deputado estadual Silvio Costa Filho, que deixou o PTB e ingressou no PRB, abriu m\u00e3o da disputa para prefeito e fecha a chapa do candidato do PT, Jo\u00e3o Paulo, como vice. O an\u00fancio formal, entretanto, s\u00f3 deve ocorrer na pr\u00f3xima semana. Pelo acordo, al\u00e9m do PRB, Jo\u00e3o Paulo tamb\u00e9m ter\u00e1 o apoio do PTB, do senador Armando Monteiro, do PTN e do PTdoB.<\/div>\n<p><\/p>\n<div>\n<div style=\"-webkit-text-stroke-width: 0px; box-sizing: border-box; color: #333333; font-style: normal; font-variant: normal; font-weight: normal; letter-spacing: normal; line-height: 21.4286px; margin: 0px 0px 10px; orphans: auto; text-align: justify; text-indent: 0px; text-transform: none; white-space: normal; widows: 1; word-spacing: 0px;\">\nInforma\u00e7\u00f5es do Blog de Magno Martins<\/div>\n<\/div>\n","protected":false},"excerpt":{"rendered":"<p>Em Recife o martelo j\u00e1 foi batido: o deputado estadual Silvio Costa Filho, que deixou o PTB e ingressou no&hellip;<\/p>\n","protected":false},"author":1,"featured_media":0,"comment_status":"open","ping_status":"open","sticky":false,"template":"","format":"standard","meta":{"footnotes":""},"categories":[1],"tags":[11482,2,5170,6,20,12668,12608,13221,13222,6162],"class_list":["post-9039","post","type-post","status-publish","format-standard","hentry","category-sem-categoria","tag-armando-monteiro","tag-blog-do-edvaldo-magalhaes","tag-joao-paulo","tag-noticias","tag-politica","tag-prb","tag-prefeitura-do-recife","tag-ptdob","tag-ptn","tag-silvio-costa-filho"],"_links":{"self":[{"href":"https:\/\/blogdoedvaldomagalhaes.com.br\/index.php\/wp-json\/wp\/v2\/posts\/9039","targetHints":{"allow":["GET"]}}],"collection":[{"href":"https:\/\/blogdoedvaldomagalhaes.com.br\/index.php\/wp-json\/wp\/v2\/posts"}],"about":[{"href":"https:\/\/blogdoedvaldomagalhaes.com.br\/index.php\/wp-json\/wp\/v2\/types\/post"}],"author":[{"embeddable":true,"href":"https:\/\/blogdoedvaldomagalhaes.com.br\/index.php\/wp-json\/wp\/v2\/users\/1"}],"replies":[{"embeddable":true,"href":"https:\/\/blogdoedvaldomagalhaes.com.br\/index.php\/wp-json\/wp\/v2\/comments?post=9039"}],"version-history":[{"count":1,"href":"https:\/\/blogdoedvaldomagalhaes.com.br\/index.php\/wp-json\/wp\/v2\/posts\/9039\/revisions"}],"predecessor-version":[{"id":10163,"href":"https:\/\/blogdoedvaldomagalhaes.com.br\/index.php\/wp-json\/wp\/v2\/posts\/9039\/revisions\/10163"}],"wp:attachment":[{"href":"https:\/\/blogdoedvaldomagalhaes.com.br\/index.php\/wp-json\/wp\/v2\/media?parent=9039"}],"wp:term":[{"taxonomy":"category","embeddable":true,"href":"https:\/\/blogdoedvaldomagalhaes.com.br\/index.php\/wp-json\/wp\/v2\/categories?post=9039"},{"taxonomy":"post_tag","embeddable":true,"href":"https:\/\/blogdoedvaldomagalhaes.com.br\/index.php\/wp-json\/wp\/v2\/tags?post=9039"}],"curies":[{"name":"wp","href":"https:\/\/api.w.org\/{rel}","templated":true}]}}