{"id":9038,"date":"2016-07-11T21:19:00","date_gmt":"2016-07-12T00:19:00","guid":{"rendered":"http:\/\/blogdoedvaldomagalhaes.com.br\/index.php\/2016\/07\/11\/sismuc-repudia-fim-do-disk-denuncia\/"},"modified":"2019-02-09T00:47:48","modified_gmt":"2019-02-09T02:47:48","slug":"sismuc-repudia-fim-do-disk-denuncia","status":"publish","type":"post","link":"https:\/\/blogdoedvaldomagalhaes.com.br\/index.php\/2016\/07\/11\/sismuc-repudia-fim-do-disk-denuncia\/","title":{"rendered":"SISMUC repudia fim do Disk-den\u00fancia"},"content":{"rendered":"<div class=\"separator\" style=\"clear: both; text-align: center;\">\n<a href=\"https:\/\/3.bp.blogspot.com\/-hHhVpf4mGcs\/V4QNPicBMJI\/AAAAAAAACB8\/gMOLrQvO-fs5BDvLD-3VKmgyEcqvsotwgCLcB\/s1600\/disque%2Bdenuncia.jpg\" imageanchor=\"1\" style=\"margin-left: 1em; margin-right: 1em;\"><img loading=\"lazy\" decoding=\"async\" border=\"0\" height=\"300\" src=\"http:\/\/blogdoedvaldomagalhaes.com.br\/wp-content\/uploads\/2016\/07\/disquedenuncia.jpg\" width=\"400\" \/><\/a><\/div>\n<div style=\"text-align: justify;\">\n<\/div>\n<div style=\"text-align: justify;\">\n<b>NOTA DE REP\u00daDIO<\/b>&nbsp;\u2013&nbsp;\u00c9 com muita tristeza e decep\u00e7\u00e3o que n\u00f3s do SISMUC Regional estamos<br \/>\nencarando o fato do encerramento das atividades do Disque-Den\u00fancia<br \/>\nAgreste. Por isso,  repudiamos a decis\u00e3o da Secretaria de Defesa Social<br \/>\ndo Governo do Estado de Pernambuco de romper a parceria de apoio<br \/>\nfinanceiro-funcional a t\u00e3o importante ferramenta de comunica\u00e7\u00e3o e<br \/>\nseguran\u00e7a sediada em Caruaru, mas que servia a toda regi\u00e3o agreste com<br \/>\nimportantes, significativas e comprovadas atua\u00e7\u00f5es, prestando servi\u00e7os<br \/>\naos munic\u00edpios de toda a regi\u00e3o.<\/div>\n<p><\/p>\n<div style=\"text-align: justify;\">\nEntendemos que o Governo de Pernambuco deve rever esta parceria, uma<br \/>\nvez que,  sem funcionar, aumentam os riscos da sociedade sofrer com a<br \/>\ncriminalidade que vem atormentando todo o Pa\u00eds e em especial, dificultar<br \/>\n ainda mais os \u00f3rg\u00e3os ligados \u00e0 seguran\u00e7a p\u00fablica da Capital do<br \/>\nAgreste.Caruaru, 11 de julho de 2016.<\/div>\n","protected":false},"excerpt":{"rendered":"<p>NOTA DE REP\u00daDIO&nbsp;\u2013&nbsp;\u00c9 com muita tristeza e decep\u00e7\u00e3o que n\u00f3s do SISMUC Regional estamos encarando o fato do encerramento das&hellip;<\/p>\n","protected":false},"author":1,"featured_media":0,"comment_status":"open","ping_status":"open","sticky":false,"template":"","format":"standard","meta":{"footnotes":""},"categories":[1],"tags":[2,11271,5943,1950,4856,7918],"class_list":["post-9038","post","type-post","status-publish","format-standard","hentry","category-sem-categoria","tag-blog-do-edvaldo-magalhaes","tag-disque-denuncia","tag-governo-de-pernambuco","tag-noticias-de-caruaru","tag-secretaria-de-defesa-social","tag-sismuc-regional"],"_links":{"self":[{"href":"https:\/\/blogdoedvaldomagalhaes.com.br\/index.php\/wp-json\/wp\/v2\/posts\/9038","targetHints":{"allow":["GET"]}}],"collection":[{"href":"https:\/\/blogdoedvaldomagalhaes.com.br\/index.php\/wp-json\/wp\/v2\/posts"}],"about":[{"href":"https:\/\/blogdoedvaldomagalhaes.com.br\/index.php\/wp-json\/wp\/v2\/types\/post"}],"author":[{"embeddable":true,"href":"https:\/\/blogdoedvaldomagalhaes.com.br\/index.php\/wp-json\/wp\/v2\/users\/1"}],"replies":[{"embeddable":true,"href":"https:\/\/blogdoedvaldomagalhaes.com.br\/index.php\/wp-json\/wp\/v2\/comments?post=9038"}],"version-history":[{"count":1,"href":"https:\/\/blogdoedvaldomagalhaes.com.br\/index.php\/wp-json\/wp\/v2\/posts\/9038\/revisions"}],"predecessor-version":[{"id":10165,"href":"https:\/\/blogdoedvaldomagalhaes.com.br\/index.php\/wp-json\/wp\/v2\/posts\/9038\/revisions\/10165"}],"wp:attachment":[{"href":"https:\/\/blogdoedvaldomagalhaes.com.br\/index.php\/wp-json\/wp\/v2\/media?parent=9038"}],"wp:term":[{"taxonomy":"category","embeddable":true,"href":"https:\/\/blogdoedvaldomagalhaes.com.br\/index.php\/wp-json\/wp\/v2\/categories?post=9038"},{"taxonomy":"post_tag","embeddable":true,"href":"https:\/\/blogdoedvaldomagalhaes.com.br\/index.php\/wp-json\/wp\/v2\/tags?post=9038"}],"curies":[{"name":"wp","href":"https:\/\/api.w.org\/{rel}","templated":true}]}}