{"id":90378,"date":"2022-12-01T10:12:47","date_gmt":"2022-12-01T13:12:47","guid":{"rendered":"https:\/\/blogdoedvaldomagalhaes.com.br\/?p=90378"},"modified":"2022-12-01T10:12:48","modified_gmt":"2022-12-01T13:12:48","slug":"homem-e-preso-por-trafico-de-drogas","status":"publish","type":"post","link":"https:\/\/blogdoedvaldomagalhaes.com.br\/index.php\/2022\/12\/01\/homem-e-preso-por-trafico-de-drogas\/","title":{"rendered":"Homem \u00e9 preso por tr\u00e1fico de drogas"},"content":{"rendered":"<p style=\"text-align: justify;\"><span style=\"color: initial; font-size: revert;\">Um homem foi preso, quarta-feira (30\/11), em Jaboat\u00e3o dos Guararapes, por policiais militares do 6\u00ba BPM. A equipe fazia rondas no bairro de Prazeres quando avistou o suspeito, que tentou correr carregando uma sacola, mas foi alcan\u00e7ado.<\/span><\/p>\n<p style=\"text-align: justify;\">Na abordagem, foram encontrados na bolsa 50 ziplocks de coca\u00edna. Ao ser questionado sobre a droga, ele admitiu ser traficante e que possu\u00eda mais entorpecentes em sua resid\u00eancia. Na casa, entregou outros 60 ziploks e uma balan\u00e7a de precis\u00e3o.<\/p>\n<p style=\"text-align: justify;\">Diante dos fatos, o envolvido e todo o material apreendido foram conduzidos para a Delegacia de Pol\u00edcia Civil de Prazeres, para que fossem tomadas as medidas legais cab\u00edveis. Foto: Divulga\u00e7\u00e3o\/PMPE.<\/p>\n<p style=\"text-align: justify;\">Siga o Instagram do Blog @blogdoedvaldomagalhaes<\/p>\n","protected":false},"excerpt":{"rendered":"<p>Um homem foi preso, quarta-feira (30\/11), em Jaboat\u00e3o dos Guararapes, por policiais militares do 6\u00ba BPM. A equipe fazia rondas&hellip;<\/p>\n","protected":false},"author":1,"featured_media":90379,"comment_status":"closed","ping_status":"open","sticky":false,"template":"","format":"standard","meta":{"footnotes":""},"categories":[14121],"tags":[2,19532,3406,26203],"class_list":["post-90378","post","type-post","status-publish","format-standard","has-post-thumbnail","hentry","category-policial","tag-blog-do-edvaldo-magalhaes","tag-blog-mais-acessado-e-visualizado-de-caruaru-e-regiao","tag-caruaru","tag-homem-e-preso-por-trafico-de-drogas"],"_links":{"self":[{"href":"https:\/\/blogdoedvaldomagalhaes.com.br\/index.php\/wp-json\/wp\/v2\/posts\/90378","targetHints":{"allow":["GET"]}}],"collection":[{"href":"https:\/\/blogdoedvaldomagalhaes.com.br\/index.php\/wp-json\/wp\/v2\/posts"}],"about":[{"href":"https:\/\/blogdoedvaldomagalhaes.com.br\/index.php\/wp-json\/wp\/v2\/types\/post"}],"author":[{"embeddable":true,"href":"https:\/\/blogdoedvaldomagalhaes.com.br\/index.php\/wp-json\/wp\/v2\/users\/1"}],"replies":[{"embeddable":true,"href":"https:\/\/blogdoedvaldomagalhaes.com.br\/index.php\/wp-json\/wp\/v2\/comments?post=90378"}],"version-history":[{"count":1,"href":"https:\/\/blogdoedvaldomagalhaes.com.br\/index.php\/wp-json\/wp\/v2\/posts\/90378\/revisions"}],"predecessor-version":[{"id":90380,"href":"https:\/\/blogdoedvaldomagalhaes.com.br\/index.php\/wp-json\/wp\/v2\/posts\/90378\/revisions\/90380"}],"wp:featuredmedia":[{"embeddable":true,"href":"https:\/\/blogdoedvaldomagalhaes.com.br\/index.php\/wp-json\/wp\/v2\/media\/90379"}],"wp:attachment":[{"href":"https:\/\/blogdoedvaldomagalhaes.com.br\/index.php\/wp-json\/wp\/v2\/media?parent=90378"}],"wp:term":[{"taxonomy":"category","embeddable":true,"href":"https:\/\/blogdoedvaldomagalhaes.com.br\/index.php\/wp-json\/wp\/v2\/categories?post=90378"},{"taxonomy":"post_tag","embeddable":true,"href":"https:\/\/blogdoedvaldomagalhaes.com.br\/index.php\/wp-json\/wp\/v2\/tags?post=90378"}],"curies":[{"name":"wp","href":"https:\/\/api.w.org\/{rel}","templated":true}]}}