{"id":90375,"date":"2022-12-01T10:05:36","date_gmt":"2022-12-01T13:05:36","guid":{"rendered":"https:\/\/blogdoedvaldomagalhaes.com.br\/?p=90375"},"modified":"2022-12-01T10:05:38","modified_gmt":"2022-12-01T13:05:38","slug":"cipmoto-prende-trio-por-trafico-de-drogas","status":"publish","type":"post","link":"https:\/\/blogdoedvaldomagalhaes.com.br\/index.php\/2022\/12\/01\/cipmoto-prende-trio-por-trafico-de-drogas\/","title":{"rendered":"CIPMoto prende trio por tr\u00e1fico de drogas"},"content":{"rendered":"<p style=\"text-align: justify;\"><span style=\"color: initial; font-size: revert;\">Tr\u00eas homens foram detidos, no final da noite de quarta-feira (30\/11), por policiais militares da CIPMoto. Ap\u00f3s receber informa\u00e7\u00e3o de populares que um grupo estaria traficando drogas em via p\u00fablica, na Rua Estreliana, no Alto Jos\u00e9 do Pinho, o efetivo foi fazer a checagem.<\/span><\/p>\n<p style=\"text-align: justify;\">Ao chegar no local, foi observado que os tr\u00eas suspeitos estavam tentando fugir, mas eles foram alcan\u00e7ados. Com o primeiro, foram localizadas 72 pedras de crack, com o segundo, 30, e com o \u00faltimo apenas uma pedra do entorpecente e R$ 29,00 em esp\u00e9cie.<\/p>\n<p style=\"text-align: justify;\">Diante dos fatos, os envolvidos foram conduzidos para a Central de Plant\u00f5es da Capital, onde foram tomadas as provid\u00eancias legais cab\u00edveis. Foto: Divulga\u00e7\u00e3o\/PMPE.<\/p>\n<p style=\"text-align: justify;\">Siga o Instagram do Blog @blogdoedvaldomagalhaes<\/p>\n","protected":false},"excerpt":{"rendered":"<p>Tr\u00eas homens foram detidos, no final da noite de quarta-feira (30\/11), por policiais militares da CIPMoto. Ap\u00f3s receber informa\u00e7\u00e3o de&hellip;<\/p>\n","protected":false},"author":1,"featured_media":90376,"comment_status":"closed","ping_status":"open","sticky":false,"template":"","format":"standard","meta":{"footnotes":""},"categories":[14121],"tags":[2,19532,3406,26202],"class_list":["post-90375","post","type-post","status-publish","format-standard","has-post-thumbnail","hentry","category-policial","tag-blog-do-edvaldo-magalhaes","tag-blog-mais-acessado-e-visualizado-de-caruaru-e-regiao","tag-caruaru","tag-cipmoto-prende-trio-por-trafico-de-drogas"],"_links":{"self":[{"href":"https:\/\/blogdoedvaldomagalhaes.com.br\/index.php\/wp-json\/wp\/v2\/posts\/90375","targetHints":{"allow":["GET"]}}],"collection":[{"href":"https:\/\/blogdoedvaldomagalhaes.com.br\/index.php\/wp-json\/wp\/v2\/posts"}],"about":[{"href":"https:\/\/blogdoedvaldomagalhaes.com.br\/index.php\/wp-json\/wp\/v2\/types\/post"}],"author":[{"embeddable":true,"href":"https:\/\/blogdoedvaldomagalhaes.com.br\/index.php\/wp-json\/wp\/v2\/users\/1"}],"replies":[{"embeddable":true,"href":"https:\/\/blogdoedvaldomagalhaes.com.br\/index.php\/wp-json\/wp\/v2\/comments?post=90375"}],"version-history":[{"count":1,"href":"https:\/\/blogdoedvaldomagalhaes.com.br\/index.php\/wp-json\/wp\/v2\/posts\/90375\/revisions"}],"predecessor-version":[{"id":90377,"href":"https:\/\/blogdoedvaldomagalhaes.com.br\/index.php\/wp-json\/wp\/v2\/posts\/90375\/revisions\/90377"}],"wp:featuredmedia":[{"embeddable":true,"href":"https:\/\/blogdoedvaldomagalhaes.com.br\/index.php\/wp-json\/wp\/v2\/media\/90376"}],"wp:attachment":[{"href":"https:\/\/blogdoedvaldomagalhaes.com.br\/index.php\/wp-json\/wp\/v2\/media?parent=90375"}],"wp:term":[{"taxonomy":"category","embeddable":true,"href":"https:\/\/blogdoedvaldomagalhaes.com.br\/index.php\/wp-json\/wp\/v2\/categories?post=90375"},{"taxonomy":"post_tag","embeddable":true,"href":"https:\/\/blogdoedvaldomagalhaes.com.br\/index.php\/wp-json\/wp\/v2\/tags?post=90375"}],"curies":[{"name":"wp","href":"https:\/\/api.w.org\/{rel}","templated":true}]}}