{"id":90371,"date":"2022-11-30T12:16:14","date_gmt":"2022-11-30T15:16:14","guid":{"rendered":"https:\/\/blogdoedvaldomagalhaes.com.br\/?p=90371"},"modified":"2022-11-30T12:16:15","modified_gmt":"2022-11-30T15:16:15","slug":"mitos-e-verdades-sobre-procedimentos-para-corrigir-miopia-e-astigmatismo","status":"publish","type":"post","link":"https:\/\/blogdoedvaldomagalhaes.com.br\/index.php\/2022\/11\/30\/mitos-e-verdades-sobre-procedimentos-para-corrigir-miopia-e-astigmatismo\/","title":{"rendered":"Mitos e verdades sobre procedimentos para corrigir miopia e astigmatismo"},"content":{"rendered":"<p style=\"text-align: justify;\"><span style=\"font-weight: 400;\">\u00c9 grande o n\u00famero de brasileiros portadores de doen\u00e7as como miopia, astigmatismo ou hipermetropia. De acordo com a OMS, 59 milh\u00f5es de brasileiros j\u00e1 sofrem de miopia. J\u00e1 o astigmatismo atinge cerca de<\/span> <span style=\"font-weight: 400;\">60% da popula\u00e7\u00e3o do pa\u00eds, de acordo com um levantamento feito pelo Conselho Brasileiro de Oftalmologia (CBO).\u00a0<\/span><\/p>\n<p style=\"text-align: justify;\"><span style=\"font-weight: 400;\">Mas para corrigir erros do tipo, a solu\u00e7\u00e3o pode ser a mesma. \u00c9 a cirurgia refrativa, que \u00e9 capaz at\u00e9 mesmo eliminar a utiliza\u00e7\u00e3o dos \u00f3culos de grau. Segundo a oftalmologista Carolina Guimar\u00e3es, do HOPE, hospital refer\u00eancia da rede Vision One, \u00e9 preciso tomar alguns cuidados antes de realizar o procedimento.\u00a0<\/span><\/p>\n<p style=\"text-align: justify;\"><span style=\"font-weight: 400;\">\u201cO principal quando um paciente deseja fazer essa cirurgia \u00e9 realizar exames com um m\u00e9dico e hospital de confian\u00e7a. A cirurgia refrativa \u00e9 feita com um laser que modifica o formato da c\u00f3rnea para corrigir o grau. Toda pessoa que deseja fazer a cirurgia precisa antes de tudo saber se a sua c\u00f3rnea \u00e9 forte e saud\u00e1vel\u201d, explica a oftalmologista Carolina Guimar\u00e3es.<\/span><\/p>\n<p style=\"text-align: justify;\"><span style=\"font-weight: 400;\">Saiba mais sobre a doen\u00e7a:\u00a0<\/span><\/p>\n<p style=\"text-align: justify;\"><span style=\"font-weight: 400;\">&#8211; <\/span><b>Todo paciente que usa \u00f3culos pode fazer cirurgia<\/b><\/p>\n<p style=\"text-align: justify;\"><span style=\"font-weight: 400;\">Mito. Para saber se o paciente pode realizar a cirurgia com seguran\u00e7a, \u00e9 necess\u00e1rio realizar alguns exames. Eles v\u00e3o avaliar a espessura da c\u00f3rnea, o formato e alguns outros par\u00e2metros que v\u00e3o dizer se \u00e9 seguro fazer o procedimento. As pessoas que possuem a c\u00f3rnea muito fina, uma c\u00f3rnea assim\u00e9trica ou at\u00e9 um grau muito elevado n\u00e3o podem realizar a cirurgia, pois dessa forma vai enfraquecer demais a c\u00f3rnea do paciente, podendo causar algumas complica\u00e7\u00f5es. Por isso, a avalia\u00e7\u00e3o pr\u00e9-operat\u00f3ria \u00e9 muito importante.<\/span><\/p>\n<p style=\"text-align: justify;\"><b>&#8211; O grau nunca volta depois de ter feito a cirurgia<\/b><\/p>\n<p style=\"text-align: justify;\"><span style=\"font-weight: 400;\">Mito. A cirurgia corrige o grau que o paciente apresenta naquele momento. Ent\u00e3o, se o grau ainda n\u00e3o estiver totalmente estabilizado e ainda estiver aumentando, ele ir\u00e1 voltar a aumentar. Isso acontece principalmente na hipermetropia, que tende a estabilizar apenas em idade mais avan\u00e7ada. Por\u00e9m, mesmo nestes casos, o paciente ainda poder\u00e1 desfrutar de um bom tempo sem a depend\u00eancia dos \u00f3culos.<\/span><\/p>\n<p style=\"text-align: justify;\"><span style=\"font-weight: 400;\">&#8211; <\/span><b>S\u00f3 pessoas jovens podem fazer a cirurgia<\/b><\/p>\n<p style=\"text-align: justify;\"><span style=\"font-weight: 400;\">Mito. A cirurgia pode ser feita em todas as idades, por\u00e9m se o paciente j\u00e1 apresentar forma\u00e7\u00e3o de catarata, mesmo que em fase inicial, se d\u00e1 prefer\u00eancia em se realizar a cirurgia de catarata com a utiliza\u00e7\u00e3o de lentes Premium, que ir\u00e1 corrigir de forma mais definitiva o problema.<\/span><\/p>\n<p style=\"text-align: justify;\"><span style=\"font-weight: 400;\">&#8211; <\/span><b>A cirurgia \u00e9 muito r\u00e1pida<\/b><\/p>\n<p style=\"text-align: justify;\"><span style=\"font-weight: 400;\">Verdade. A cirurgia \u00e9 feita utilizando um ou dois tipos de laser diferentes, a depender da t\u00e9cnica que foi utilizada e dura apenas poucos minutos. Por essa raz\u00e3o e pelo p\u00f3s-operat\u00f3rio ser tranquilo, s\u00e3o feitos, preferencialmente, um olho em seguida do outro, no mesmo tempo cir\u00fargico. Estima-se que o procedimento dure no m\u00e1ximo 20 minutos.<\/span><\/p>\n<p><span style=\"font-weight: 400;\">&#8211; <\/span><b>\u00c9 preciso usar \u00f3culos de sol ap\u00f3s a cirurgia<\/b><\/p>\n<p style=\"text-align: justify;\"><span style=\"font-weight: 400;\">Verdade. Durante a recupera\u00e7\u00e3o, especialmente quando \u00e9 utilizada a t\u00e9cnica PRK, \u00e9 essencial o uso dos \u00f3culos escuros tanto para o melhor conforto como, principalmente, para evitar uma cicatriza\u00e7\u00e3o exacerbada da c\u00f3rnea. Al\u00e9m disso, alguns pacientes podem sentir os olhos mais ressecados nos primeiros meses ap\u00f3s a cirurgia, precisando usar col\u00edrios lubrificantes com mais frequ\u00eancia.<\/span><\/p>\n\n\n<figure class=\"wp-block-image size-full\"><img loading=\"lazy\" decoding=\"async\" width=\"683\" height=\"1024\" src=\"https:\/\/blogdoedvaldomagalhaes.com.br\/wp-content\/uploads\/2022\/11\/IMG-20221130-WA0045.jpg\" alt=\"\" class=\"wp-image-90373\" srcset=\"https:\/\/blogdoedvaldomagalhaes.com.br\/wp-content\/uploads\/2022\/11\/IMG-20221130-WA0045.jpg 683w, https:\/\/blogdoedvaldomagalhaes.com.br\/wp-content\/uploads\/2022\/11\/IMG-20221130-WA0045-200x300.jpg 200w\" sizes=\"auto, (max-width: 683px) 100vw, 683px\" \/><figcaption>Oftalmologista Carolina Guimar\u00e3es<\/figcaption><\/figure>\n","protected":false},"excerpt":{"rendered":"<p>\u00c9 grande o n\u00famero de brasileiros portadores de doen\u00e7as como miopia, astigmatismo ou hipermetropia. De acordo com a OMS, 59&hellip;<\/p>\n","protected":false},"author":1,"featured_media":90372,"comment_status":"closed","ping_status":"open","sticky":false,"template":"","format":"standard","meta":{"footnotes":""},"categories":[14120],"tags":[2,19532,3406,26201],"class_list":["post-90371","post","type-post","status-publish","format-standard","has-post-thumbnail","hentry","category-noticias","tag-blog-do-edvaldo-magalhaes","tag-blog-mais-acessado-e-visualizado-de-caruaru-e-regiao","tag-caruaru","tag-mitos-e-verdades-sobre-procedimentos-para-corrigir-miopia-e-astigmatismo"],"_links":{"self":[{"href":"https:\/\/blogdoedvaldomagalhaes.com.br\/index.php\/wp-json\/wp\/v2\/posts\/90371","targetHints":{"allow":["GET"]}}],"collection":[{"href":"https:\/\/blogdoedvaldomagalhaes.com.br\/index.php\/wp-json\/wp\/v2\/posts"}],"about":[{"href":"https:\/\/blogdoedvaldomagalhaes.com.br\/index.php\/wp-json\/wp\/v2\/types\/post"}],"author":[{"embeddable":true,"href":"https:\/\/blogdoedvaldomagalhaes.com.br\/index.php\/wp-json\/wp\/v2\/users\/1"}],"replies":[{"embeddable":true,"href":"https:\/\/blogdoedvaldomagalhaes.com.br\/index.php\/wp-json\/wp\/v2\/comments?post=90371"}],"version-history":[{"count":1,"href":"https:\/\/blogdoedvaldomagalhaes.com.br\/index.php\/wp-json\/wp\/v2\/posts\/90371\/revisions"}],"predecessor-version":[{"id":90374,"href":"https:\/\/blogdoedvaldomagalhaes.com.br\/index.php\/wp-json\/wp\/v2\/posts\/90371\/revisions\/90374"}],"wp:featuredmedia":[{"embeddable":true,"href":"https:\/\/blogdoedvaldomagalhaes.com.br\/index.php\/wp-json\/wp\/v2\/media\/90372"}],"wp:attachment":[{"href":"https:\/\/blogdoedvaldomagalhaes.com.br\/index.php\/wp-json\/wp\/v2\/media?parent=90371"}],"wp:term":[{"taxonomy":"category","embeddable":true,"href":"https:\/\/blogdoedvaldomagalhaes.com.br\/index.php\/wp-json\/wp\/v2\/categories?post=90371"},{"taxonomy":"post_tag","embeddable":true,"href":"https:\/\/blogdoedvaldomagalhaes.com.br\/index.php\/wp-json\/wp\/v2\/tags?post=90371"}],"curies":[{"name":"wp","href":"https:\/\/api.w.org\/{rel}","templated":true}]}}