{"id":90365,"date":"2022-11-30T12:00:26","date_gmt":"2022-11-30T15:00:26","guid":{"rendered":"https:\/\/blogdoedvaldomagalhaes.com.br\/?p=90365"},"modified":"2022-11-30T12:07:18","modified_gmt":"2022-11-30T15:07:18","slug":"carroceiro-morre-apos-passar-mal-no-centro-de-caruaru","status":"publish","type":"post","link":"https:\/\/blogdoedvaldomagalhaes.com.br\/index.php\/2022\/11\/30\/carroceiro-morre-apos-passar-mal-no-centro-de-caruaru\/","title":{"rendered":"Carroceiro morre ap\u00f3s passar mal no centro de Caruaru"},"content":{"rendered":"<p style=\"text-align: justify;\">O carroceiro Severino Oscar da Silva, de 56 anos de idade, morreu ap\u00f3s passar mal na rua do Sapateiro, no centro de Caruaru, na manh\u00e3 desta quarta-feira (30). Equipes do SAMU foram acionadas por populares, mas, j\u00e1 encontrou a v\u00edtima em \u00f3bito.<\/p>\n<p style=\"text-align: justify;\">Siga o Instagram do Blog @blogdoedvaldomagalhaes<\/p>\n\n\n<figure class=\"wp-block-image size-large is-resized\"><img loading=\"lazy\" decoding=\"async\" src=\"https:\/\/blogdoedvaldomagalhaes.com.br\/wp-content\/uploads\/2022\/11\/IMG-20221130-WA0031-768x1024.jpg\" alt=\"\" class=\"wp-image-90369\" width=\"347\" height=\"462\" srcset=\"https:\/\/blogdoedvaldomagalhaes.com.br\/wp-content\/uploads\/2022\/11\/IMG-20221130-WA0031-768x1024.jpg 768w, https:\/\/blogdoedvaldomagalhaes.com.br\/wp-content\/uploads\/2022\/11\/IMG-20221130-WA0031-225x300.jpg 225w, https:\/\/blogdoedvaldomagalhaes.com.br\/wp-content\/uploads\/2022\/11\/IMG-20221130-WA0031-1152x1536.jpg 1152w, https:\/\/blogdoedvaldomagalhaes.com.br\/wp-content\/uploads\/2022\/11\/IMG-20221130-WA0031.jpg 1200w\" sizes=\"auto, (max-width: 347px) 100vw, 347px\" \/><figcaption>Fotos: Reprodu\u00e7\u00e3o\/WhatsApp<\/figcaption><\/figure>\n","protected":false},"excerpt":{"rendered":"<p>O carroceiro Severino Oscar da Silva, de 56 anos de idade, morreu ap\u00f3s passar mal na rua do Sapateiro, no&hellip;<\/p>\n","protected":false},"author":1,"featured_media":90366,"comment_status":"closed","ping_status":"open","sticky":false,"template":"","format":"standard","meta":{"footnotes":""},"categories":[14120],"tags":[2,19532,3406,26199,26200],"class_list":["post-90365","post","type-post","status-publish","format-standard","has-post-thumbnail","hentry","category-noticias","tag-blog-do-edvaldo-magalhaes","tag-blog-mais-acessado-e-visualizado-de-caruaru-e-regiao","tag-caruaru","tag-homem-morre-apos-passar-mal-no-centro-de-caruaru","tag-morte-subita"],"_links":{"self":[{"href":"https:\/\/blogdoedvaldomagalhaes.com.br\/index.php\/wp-json\/wp\/v2\/posts\/90365","targetHints":{"allow":["GET"]}}],"collection":[{"href":"https:\/\/blogdoedvaldomagalhaes.com.br\/index.php\/wp-json\/wp\/v2\/posts"}],"about":[{"href":"https:\/\/blogdoedvaldomagalhaes.com.br\/index.php\/wp-json\/wp\/v2\/types\/post"}],"author":[{"embeddable":true,"href":"https:\/\/blogdoedvaldomagalhaes.com.br\/index.php\/wp-json\/wp\/v2\/users\/1"}],"replies":[{"embeddable":true,"href":"https:\/\/blogdoedvaldomagalhaes.com.br\/index.php\/wp-json\/wp\/v2\/comments?post=90365"}],"version-history":[{"count":2,"href":"https:\/\/blogdoedvaldomagalhaes.com.br\/index.php\/wp-json\/wp\/v2\/posts\/90365\/revisions"}],"predecessor-version":[{"id":90370,"href":"https:\/\/blogdoedvaldomagalhaes.com.br\/index.php\/wp-json\/wp\/v2\/posts\/90365\/revisions\/90370"}],"wp:featuredmedia":[{"embeddable":true,"href":"https:\/\/blogdoedvaldomagalhaes.com.br\/index.php\/wp-json\/wp\/v2\/media\/90366"}],"wp:attachment":[{"href":"https:\/\/blogdoedvaldomagalhaes.com.br\/index.php\/wp-json\/wp\/v2\/media?parent=90365"}],"wp:term":[{"taxonomy":"category","embeddable":true,"href":"https:\/\/blogdoedvaldomagalhaes.com.br\/index.php\/wp-json\/wp\/v2\/categories?post=90365"},{"taxonomy":"post_tag","embeddable":true,"href":"https:\/\/blogdoedvaldomagalhaes.com.br\/index.php\/wp-json\/wp\/v2\/tags?post=90365"}],"curies":[{"name":"wp","href":"https:\/\/api.w.org\/{rel}","templated":true}]}}