{"id":90358,"date":"2022-11-30T10:18:32","date_gmt":"2022-11-30T13:18:32","guid":{"rendered":"https:\/\/blogdoedvaldomagalhaes.com.br\/?p=90358"},"modified":"2022-11-30T10:18:33","modified_gmt":"2022-11-30T13:18:33","slug":"prefeito-rodrigo-pinheiro-assina-doacao-da-area-destinada-a-construcao-do-colegio-da-pm-em-caruaru","status":"publish","type":"post","link":"https:\/\/blogdoedvaldomagalhaes.com.br\/index.php\/2022\/11\/30\/prefeito-rodrigo-pinheiro-assina-doacao-da-area-destinada-a-construcao-do-colegio-da-pm-em-caruaru\/","title":{"rendered":"Prefeito Rodrigo Pinheiro assina doa\u00e7\u00e3o da \u00e1rea destinada \u00e0 constru\u00e7\u00e3o do Col\u00e9gio da PM em Caruaru"},"content":{"rendered":"<p style=\"text-align: justify;\"><span style=\"color: initial; font-size: revert;\">O prefeito de Caruaru, Rodrigo Pinheiro (PSDB), foi recebido na tarde desta ter\u00e7a-feira (29), na Assembleia Legislativa de Pernambuco (ALEPE) pelo presidente da Casa, o deputado estadual Eriberto Medeiros, pelo Comandante Geral da Pol\u00edcia Militar de Pernambuco, Cel. Roberto Santana e pelo Comandante Geral do Corpo de Bombeiros Militar de Pernambuco, Cel. Rog\u00e9rio Coutinho, para assinatura da escritura que formaliza a doa\u00e7\u00e3o da \u00e1rea que ser\u00e1 destinada \u00e0 constru\u00e7\u00e3o de unidade do Col\u00e9gio da Pol\u00edcia Militar em Caruaru, no Agreste pernambucano.<\/span><\/p>\n<p style=\"text-align: justify;\">Participaram tamb\u00e9m da assinatura, o Secret\u00e1rio Executivo de Educa\u00e7\u00e3o de Pernambuco, Jo\u00e3o Charamba, o comandante do CPM\/DGP, Cel. Carneiro, a Diretora do Col\u00e9gio da PMPE, Ten. Cel. Cristiane Moura, o Secret\u00e1rio de Governo de Caruaru, Lino Portela, o Secret\u00e1rio de Desenvolvimento Econ\u00f4mico de Caruaru, Pedro Augusto, o Presidente da URB Caruaru, Francisco Batista, o Secret\u00e1rio Executivo de Comunica\u00e7\u00e3o, Tiago Azevedo, al\u00e9m do Servidor do 3\u00ba Cart\u00f3rio de Caruaru (onde foi lavrada a escritura), Guilherme Toscano, o Superintendente de Rela\u00e7\u00f5es Institucionais da ALEPE, Junior Matuto e o Superintendente Militar da ALEPE, o Cel. Ely Jobson.<\/p>\n<p style=\"text-align: justify;\">O espa\u00e7o destinado \u00e0 implanta\u00e7\u00e3o do col\u00e9gio ser\u00e1 na avenida das Na\u00e7\u00f5es, no bairro Nova Caruaru, numa \u00e1rea correspondente a 38.340,00 m2. O terreno est\u00e1 inserido numa \u00e1rea dotado de infraestrutura urbana e rua pavimentada em seu acesso principal.<\/p>\n<p style=\"text-align: justify;\">O Col\u00e9gio Militar \u00e9 uma institui\u00e7\u00e3o de ensino e forma\u00e7\u00e3o pedag\u00f3gica, em sua maioria, para alunos filhos de militares. O ingresso ao col\u00e9gio ser\u00e1 atrav\u00e9s de processo seletivo aberto para todo o estado.<br \/>&#8220;A constru\u00e7\u00e3o de um Col\u00e9gio Militar, em Caruaru \u00e9 um sonho antigo da corpora\u00e7\u00e3o, tanto dos policiais militares quanto do corpo de bombeiros. Ent\u00e3o, enquanto prefeitura, fizemos a doa\u00e7\u00e3o de um terreno bem localizado, numa \u00e1rea nobre. Tivemos alguns obst\u00e1culos, mas fomos vencendo ao longo da caminhada, gra\u00e7as tamb\u00e9m \u00e0 ajuda do presidente Eriberto Medeiros e a todos os envolvidos, da\u00ed a gente consegue estar aqui hoje j\u00e1 com a escritura, consolidando assim, a doa\u00e7\u00e3o. Agora vamos esperar a licita\u00e7\u00e3o e execu\u00e7\u00e3o da obra, e podem continuar contando com a Prefeitura Municipal de Caruaru\u201d, afirmou o prefeito Rodrigo Pinheiro.<\/p>\n<p style=\"text-align: justify;\">&#8220;Estamos aqui vivendo um momento hist\u00f3rico e \u00e9 um orgulho fazer parte dessa hist\u00f3ria. Meus parab\u00e9ns ao prefeito Rodrigo Pinheiro, ao presidente Eriberto e ao comandante da PM, e todos os envolvidos, que tiraram do papel esse sonho que vai se tornar realidade\u201d, ressaltou o Comandante do CBM\/PE, Cel. Coutinho.<\/p>\n<p style=\"text-align: justify;\">\u201cHoje aqui \u00e9 um dia de gratid\u00e3o a todos pelo gesto e pelo ato importante, que vai marcar gera\u00e7\u00f5es. Estamos aqui concretizando a realiza\u00e7\u00e3o de um sonho para a Pol\u00edcia Militar de Pernambuco, pode ter certeza, prefeito Rodrigo. Os homens e mulheres que a gente vai destinar essa unidade militar em Caruaru ir\u00e3o, com certeza, transformar vidas naquela regi\u00e3o, tra\u00e7ando um futuro melhor, pois a educa\u00e7\u00e3o muda a vida da gente, e o col\u00e9gio da Pol\u00edcia Militar transforma a vida de qualquer um, e eu digo isso por experi\u00eancia pr\u00f3pria. Por\u00e9m, esse foi um trabalho de muitas m\u00e3os e hoje estamos aqui concretizando um sonho\u201d relatou o Comandante Geral da PMPE, Cel. Roberto Santana.<\/p>\n<p style=\"text-align: justify;\">\u201cHoje sou s\u00f3 gratid\u00e3o e alegria, e muito feliz em participar deste momento hist\u00f3rico, pois, enquanto ex-aluna de um col\u00e9gio militar, sei da import\u00e2ncia da institui\u00e7\u00e3o para os filhos dos policiais e para a comunidade. \u00c9 muito importante na forma\u00e7\u00e3o dos alunos enquanto cidad\u00e3os&#8221;, ressaltou a tenente-coronel, Cristiane Moura, Diretora do Col\u00e9gio da PMPE.<br \/>\u201cTeremos o col\u00e9gio da Pol\u00edcia Militar em Caruaru, com um projeto bastante exitoso e quero deixar claro aqui que temos or\u00e7amento na Secretaria para o ano que vem para garantir a execu\u00e7\u00e3o do projeto. Minha expectativa \u00e9 de mais 30 a 40 dias, no m\u00e1ximo, estaremos lan\u00e7ando o edital em Di\u00e1rio Oficial\u201d, afirmou o Secret\u00e1rio Executivo de Educa\u00e7\u00e3o de Pernambuco, Jo\u00e3o Charamba.<\/p>\n<p style=\"text-align: justify;\">\u201cNos surpreendemos com a estrutura do projeto apresentado, e no quesito de estrutura urbana reservamos o que h\u00e1 de melhor em Caruaru, at\u00e9 porque a cidade \u00e9 quem ganha com esse excelente equipamento de educa\u00e7\u00e3o, trazendo o que h\u00e1 de melhor, nessa excelente parceria com a Policia Militar de Pernambuco\u201d, disse o Presidente da URB Caruaru, Francisco Batista.<br \/>Encerrando os discursos, o presidente da ALEPE, deputado Eriberto Medeiros ressaltou a contribui\u00e7\u00e3o do Poder Legislativo em promover o di\u00e1logo entre institui\u00e7\u00f5es e agradeceu ao prefeito Rodrigo Pinheiro pela iniciativa de prestigiar a Casa Legislativa nesse momento simb\u00f3lico e hist\u00f3rico.<\/p>\n<p style=\"text-align: justify;\">\u201cGratid\u00e3o pelo gesto do prefeito Rodrigo Pinheiro ao Poder Legislativo, desde quando nos convidou para participar da solenidade de envio do projeto \u00e0 C\u00e2mara Municipal de Caruaru. Como tamb\u00e9m agradecemos ao cart\u00f3rio de Caruaru que prestigia tamb\u00e9m essa Casa, trazendo a assinatura da escritura, num gesto de reconhecer a import\u00e2ncia do Poder Legislativo estadual. O Legislativo tem tamb\u00e9m essa fun\u00e7\u00e3o, de construir pontes e fazer a interlocu\u00e7\u00e3o, dando nossa parcela de contribui\u00e7\u00e3o para projetos importantes para Pernambuco, como esse. Aproveito para agradecer a todos que se fazem presente hoje nesse momento hist\u00f3rico\u201d, finalizou o presidente.<\/p>\n<p style=\"text-align: justify;\">Siga o Instagram do Blog @blogdoedvaldomagalhaes<\/p>\n\n\n<figure class=\"wp-block-image size-full\"><img loading=\"lazy\" decoding=\"async\" width=\"1024\" height=\"768\" src=\"https:\/\/blogdoedvaldomagalhaes.com.br\/wp-content\/uploads\/2022\/11\/IMG-20221130-WA0029.jpg\" alt=\"\" class=\"wp-image-90360\" srcset=\"https:\/\/blogdoedvaldomagalhaes.com.br\/wp-content\/uploads\/2022\/11\/IMG-20221130-WA0029.jpg 1024w, https:\/\/blogdoedvaldomagalhaes.com.br\/wp-content\/uploads\/2022\/11\/IMG-20221130-WA0029-300x225.jpg 300w, https:\/\/blogdoedvaldomagalhaes.com.br\/wp-content\/uploads\/2022\/11\/IMG-20221130-WA0029-768x576.jpg 768w, https:\/\/blogdoedvaldomagalhaes.com.br\/wp-content\/uploads\/2022\/11\/IMG-20221130-WA0029-160x120.jpg 160w\" sizes=\"auto, (max-width: 1024px) 100vw, 1024px\" \/><figcaption>Fotos: Thiago Azevedo<\/figcaption><\/figure>\n","protected":false},"excerpt":{"rendered":"<p>O prefeito de Caruaru, Rodrigo Pinheiro (PSDB), foi recebido na tarde desta ter\u00e7a-feira (29), na Assembleia Legislativa de Pernambuco (ALEPE)&hellip;<\/p>\n","protected":false},"author":1,"featured_media":90359,"comment_status":"closed","ping_status":"open","sticky":false,"template":"","format":"standard","meta":{"footnotes":""},"categories":[14122],"tags":[2,19532,3406,20,26198],"class_list":["post-90358","post","type-post","status-publish","format-standard","has-post-thumbnail","hentry","category-politica","tag-blog-do-edvaldo-magalhaes","tag-blog-mais-acessado-e-visualizado-de-caruaru-e-regiao","tag-caruaru","tag-politica","tag-prefeito-rodrigo-pinheiro-assina-doacao-da-area-destinada-a-construcao-do-colegio-da-pm-em-caruaru"],"_links":{"self":[{"href":"https:\/\/blogdoedvaldomagalhaes.com.br\/index.php\/wp-json\/wp\/v2\/posts\/90358","targetHints":{"allow":["GET"]}}],"collection":[{"href":"https:\/\/blogdoedvaldomagalhaes.com.br\/index.php\/wp-json\/wp\/v2\/posts"}],"about":[{"href":"https:\/\/blogdoedvaldomagalhaes.com.br\/index.php\/wp-json\/wp\/v2\/types\/post"}],"author":[{"embeddable":true,"href":"https:\/\/blogdoedvaldomagalhaes.com.br\/index.php\/wp-json\/wp\/v2\/users\/1"}],"replies":[{"embeddable":true,"href":"https:\/\/blogdoedvaldomagalhaes.com.br\/index.php\/wp-json\/wp\/v2\/comments?post=90358"}],"version-history":[{"count":1,"href":"https:\/\/blogdoedvaldomagalhaes.com.br\/index.php\/wp-json\/wp\/v2\/posts\/90358\/revisions"}],"predecessor-version":[{"id":90361,"href":"https:\/\/blogdoedvaldomagalhaes.com.br\/index.php\/wp-json\/wp\/v2\/posts\/90358\/revisions\/90361"}],"wp:featuredmedia":[{"embeddable":true,"href":"https:\/\/blogdoedvaldomagalhaes.com.br\/index.php\/wp-json\/wp\/v2\/media\/90359"}],"wp:attachment":[{"href":"https:\/\/blogdoedvaldomagalhaes.com.br\/index.php\/wp-json\/wp\/v2\/media?parent=90358"}],"wp:term":[{"taxonomy":"category","embeddable":true,"href":"https:\/\/blogdoedvaldomagalhaes.com.br\/index.php\/wp-json\/wp\/v2\/categories?post=90358"},{"taxonomy":"post_tag","embeddable":true,"href":"https:\/\/blogdoedvaldomagalhaes.com.br\/index.php\/wp-json\/wp\/v2\/tags?post=90358"}],"curies":[{"name":"wp","href":"https:\/\/api.w.org\/{rel}","templated":true}]}}