{"id":90351,"date":"2022-11-30T09:33:49","date_gmt":"2022-11-30T12:33:49","guid":{"rendered":"https:\/\/blogdoedvaldomagalhaes.com.br\/?p=90351"},"modified":"2022-11-30T09:33:49","modified_gmt":"2022-11-30T12:33:49","slug":"inscricoes-abertas-para-cursos-e-oficinas-em-design-de-moda-e-industria-de-confeccao","status":"publish","type":"post","link":"https:\/\/blogdoedvaldomagalhaes.com.br\/index.php\/2022\/11\/30\/inscricoes-abertas-para-cursos-e-oficinas-em-design-de-moda-e-industria-de-confeccao\/","title":{"rendered":"Inscri\u00e7\u00f5es abertas para cursos e oficinas em  Design de Moda e Ind\u00fastria de Confec\u00e7\u00e3o"},"content":{"rendered":"<p style=\"text-align: justify;\">Est\u00e3o abertas as inscri\u00e7\u00f5es para os cursos e oficinas que comp\u00f5em o ciclo de dezembro de forma\u00e7\u00f5es promovidas pelo NTCPE (N\u00facleo Gestor da Cadeia T\u00eaxtil e de Confec\u00e7\u00f5es em Pernambuco), por meio do Marco Pernambucano da Moda, para impulsionar e ampliar a cadeia t\u00eaxtil no Estado. As atividades formativas abordam temas relacionados ao campo do Design de Moda e da Ind\u00fastria de Confec\u00e7\u00e3o, abrangendo desde o processo de entendimento e desenvolvimento do produto at\u00e9 a constru\u00e7\u00e3o de uma reda\u00e7\u00e3o eficiente e persuasiva para potencializa\u00e7\u00e3o das vendas. As forma\u00e7\u00f5es s\u00e3o gratuitas e, este m\u00eas, acontecem em Caruaru e Olinda.<\/p>\n<p style=\"text-align: justify;\">Quem tem o objetivo de adquirir compet\u00eancia para mobilizar e colocar em a\u00e7\u00e3o valores, conhecimentos e habilidades necess\u00e1rias para o desempenho eficiente e eficaz de atividades requeridas pelo eixo tecnol\u00f3gico Produ\u00e7\u00e3o Cultural e Design, h\u00e1 vagas para os m\u00f3dulos I e II do curso de *Modelagem Plana*. Nele, o aluno adquire conhecimentos para elaborar moldes bases que permitam a produ\u00e7\u00e3o de modelos espec\u00edficos, com criatividade, senso cr\u00edtico e est\u00e9tico para a busca de alternativas economicamente vi\u00e1veis e socialmente adequadas, para a produ\u00e7\u00e3o, visando o atendimento \u00e0s demandas dos clientes e da ind\u00fastria do vestu\u00e1rio.<\/p>\n<p>Para quem quer desenvolver conhecimento sobre uso de m\u00e1quinas de costura industrial (reta ponto fixo, overloque, interloque, bra\u00e7adeira, multi-agulhas, entres outras), h\u00e1 o m\u00f3dulo b\u00e1sico do curso de *Costura Industrial Polivalente em Malha*. A proposta \u00e9 promover a capacidade de o aluno confeccionar e costurar produtos b\u00e1sicos e avan\u00e7ados da confec\u00e7\u00e3o do vestu\u00e1rio.<\/p>\n<p>J\u00e1 a oficina *Como Alavancar as Vendas de Dezembro* \u00e9 direcionada para os interessados em impulsionar as vendas, no per\u00edodo natalino, atrav\u00e9s de ferramentas e a\u00e7\u00f5es simples e pr\u00e1ticas. A forma\u00e7\u00e3o busca promover o desenvolvimento de estrat\u00e9gias e planos de comunica\u00e7\u00e3o alinhados ao objetivo de neg\u00f3cio, a partir da identifica\u00e7\u00e3o de oportunidades e de um planejamento das a\u00e7\u00f5es de marketing dentro da perspectiva de vendas.<\/p>\n<p>Por fim, a oficina *Aumente suas Vendas com uma Copywriting Eficiente* tem como objetivo fazer com que os empreendedores possam identificar a necessidade de aprender a criar textos e chamadas criativas para alcan\u00e7ar maior abrang\u00eancia com a marca, aumentando as vendas. Durante a forma\u00e7\u00e3o, ser\u00e1 poss\u00edvel aprender a construir uma reda\u00e7\u00e3o eficiente e persuasiva, entender as funcionalidades, principais t\u00e9cnicas e como integrar a outros canais de Marketing.<\/p>\n<p>As inscri\u00e7\u00f5es devem ser feitas pelos links disponibilizados pelo NTCPE (ver abaixo). Mais informa\u00e7\u00f5es pelo perfil do Marco Pernambucano da Moda, no Instagram (@marcopemodantcpe) ou pelo Whatsapp (81) 3448-0993.<\/p>\n<p>NTCPE \u2013 O N\u00facleo Gestor da Cadeia T\u00eaxtil e de Confec\u00e7\u00f5es em Pernambuco (NTCPE), gestor do Marco Pernambucano da Moda, \u00e9 uma organiza\u00e7\u00e3o social privada com a miss\u00e3o de promover a inova\u00e7\u00e3o, a coopera\u00e7\u00e3o e o interc\u00e2mbio de informa\u00e7\u00f5es entre as empresas do segmento, o poder p\u00fablico, a academia e entidades de apoio e fomento. Com apoio de parceiros \u2013 como o Governo de Pernambuco \u2013 compartilha e soma iniciativas entre o setor produtivo, universidades e entidades de fomento e suporte para ampliar a inser\u00e7\u00e3o do segmento no mercado nacional e internacional. Disp\u00f5e de unidades em Olinda (Largo do Varadouro, s\/n, Varadouro) e em Caruaru (Rua Visconde de Inha\u00fama, 107, Maur\u00edcio de Nassau).<\/p>\n<p><strong>Programa\u00e7\u00e3o<\/strong><br \/>\nCaruaru (Unidade do NTCPE \u2013 Rua Visconde de Inha\u00fama, 107 \u2013 Maur\u00edcio de Nassau).<\/p>\n<p>Curso: Modelagem Plana \u2013 M\u00f3dulo I e II<br \/>\nData e hor\u00e1rio: 02, 05, 06, 07, 08, 09, 10, 12, 13, 14 e 15 de dezembro, das 08h \u00e0s 12h<br \/>\nLink de Inscri\u00e7\u00e3o: https:\/\/www.eventbrite.com.br\/e\/474731222867<\/p>\n<p>Curso: Costura Industrial Polivalente em Malha \u2013 M\u00f3dulo B\u00e1sico<br \/>\nData e hor\u00e1rio: 06, 07, 08, 09, 10, 12, 13, 14 e 15 de dezembro, das 13h \u00e0s 17h<br \/>\nLink de Inscri\u00e7\u00e3o: https:\/\/www.eventbrite.com.br\/e\/474725967147<\/p>\n<p>_*Programa\u00e7\u00e3o*_<br \/>\n*Olinda (Unidade do NTCPE \u2013 Avenida Joaquim Nabuco, 131 \u2013 Varadouro)*<\/p>\n<p>Oficina: Como Alavancar as Vendas de Dezembro<br \/>\nData e hor\u00e1rio: 08 de dezembro, das 09h \u00e0s 18h<br \/>\nLink de Inscri\u00e7\u00e3o: https:\/\/www.eventbrite.com.br\/e\/474706268227<\/p>\n<p>Oficina: Aumente suas Vendas com uma Copywriting Eficiente<br \/>\nData e hor\u00e1rio: 15 de dezembro, das 09h \u00e0s 18h<br \/>\nLink de Inscri\u00e7\u00e3o: https:\/\/www.eventbrite.com.br\/e\/474700681517.<\/p>\n<p>Foto: Andrea Rego Barros.<\/p>\n<p>Siga o Instagram do Blog @blogdoedvaldomagalhaes<\/p>\n","protected":false},"excerpt":{"rendered":"<p>Est\u00e3o abertas as inscri\u00e7\u00f5es para os cursos e oficinas que comp\u00f5em o ciclo de dezembro de forma\u00e7\u00f5es promovidas pelo NTCPE&hellip;<\/p>\n","protected":false},"author":1,"featured_media":90352,"comment_status":"closed","ping_status":"open","sticky":false,"template":"","format":"standard","meta":{"footnotes":""},"categories":[14120],"tags":[],"class_list":["post-90351","post","type-post","status-publish","format-standard","has-post-thumbnail","hentry","category-noticias"],"_links":{"self":[{"href":"https:\/\/blogdoedvaldomagalhaes.com.br\/index.php\/wp-json\/wp\/v2\/posts\/90351","targetHints":{"allow":["GET"]}}],"collection":[{"href":"https:\/\/blogdoedvaldomagalhaes.com.br\/index.php\/wp-json\/wp\/v2\/posts"}],"about":[{"href":"https:\/\/blogdoedvaldomagalhaes.com.br\/index.php\/wp-json\/wp\/v2\/types\/post"}],"author":[{"embeddable":true,"href":"https:\/\/blogdoedvaldomagalhaes.com.br\/index.php\/wp-json\/wp\/v2\/users\/1"}],"replies":[{"embeddable":true,"href":"https:\/\/blogdoedvaldomagalhaes.com.br\/index.php\/wp-json\/wp\/v2\/comments?post=90351"}],"version-history":[{"count":1,"href":"https:\/\/blogdoedvaldomagalhaes.com.br\/index.php\/wp-json\/wp\/v2\/posts\/90351\/revisions"}],"predecessor-version":[{"id":90353,"href":"https:\/\/blogdoedvaldomagalhaes.com.br\/index.php\/wp-json\/wp\/v2\/posts\/90351\/revisions\/90353"}],"wp:featuredmedia":[{"embeddable":true,"href":"https:\/\/blogdoedvaldomagalhaes.com.br\/index.php\/wp-json\/wp\/v2\/media\/90352"}],"wp:attachment":[{"href":"https:\/\/blogdoedvaldomagalhaes.com.br\/index.php\/wp-json\/wp\/v2\/media?parent=90351"}],"wp:term":[{"taxonomy":"category","embeddable":true,"href":"https:\/\/blogdoedvaldomagalhaes.com.br\/index.php\/wp-json\/wp\/v2\/categories?post=90351"},{"taxonomy":"post_tag","embeddable":true,"href":"https:\/\/blogdoedvaldomagalhaes.com.br\/index.php\/wp-json\/wp\/v2\/tags?post=90351"}],"curies":[{"name":"wp","href":"https:\/\/api.w.org\/{rel}","templated":true}]}}