{"id":90346,"date":"2022-11-30T08:53:48","date_gmt":"2022-11-30T11:53:48","guid":{"rendered":"https:\/\/blogdoedvaldomagalhaes.com.br\/?p=90346"},"modified":"2022-11-30T11:16:47","modified_gmt":"2022-11-30T14:16:47","slug":"homem-e-assassinado-em-caruaru-e-duplo-homicidio-em-riacho-das-almas","status":"publish","type":"post","link":"https:\/\/blogdoedvaldomagalhaes.com.br\/index.php\/2022\/11\/30\/homem-e-assassinado-em-caruaru-e-duplo-homicidio-em-riacho-das-almas\/","title":{"rendered":"Homem \u00e9 assassinado em Caruaru e duplo homic\u00eddio em Riacho das Almas"},"content":{"rendered":"<p style=\"text-align: justify;\">Na noite dessa ter\u00e7a-feira (29), o cobrador de impostos Jaciel Israel da Silva, conhecido como &#8220;Belo&#8221;, de 45 anos de idade, foi assassinado e a esposa Cristina Cristiane Val\u00e9ria da Silva, de 42 anos de idade, levou um tiro nas n\u00e1degas e foi socorrida pelo SAMU, sendo levada para o Hospital Regional do Agreste (HRA), onde permanece internada e n\u00e3o corre risco de morte.<\/p>\n<p style=\"text-align: justify;\">Este foi o 9\u00ba homic\u00eddio registrado no m\u00eas de novembro e o 85\u00ba no ano de 2022 em Caruaru.<\/p>\n<p style=\"text-align: justify;\"><strong>Duplo homic\u00eddio<\/strong><\/p>\n<p style=\"text-align: justify;\">Em Riacho das Almas ocorreu um duplo homic\u00eddio na noite dessa ter\u00e7a-feira (29), no s\u00edtio Cascavel,&nbsp; na zona rural do munic\u00edpio. Thales Romero de Oliveira Tom\u00e9, 25 anos, e um homem identificado como &#8220;J\u00fanior Bei\u00e7ola&#8221;, que trabalhava como caseiro, foram executados com v\u00e1rios tiros. Foto: Adielson Galv\u00e3o.<\/p>\n<p style=\"text-align: justify;\">Siga o Instagram do Blog @blogdoedvaldomagalhaes<\/p>\n\n\n<figure class=\"wp-block-image size-full\"><img loading=\"lazy\" decoding=\"async\" width=\"897\" height=\"573\" src=\"https:\/\/blogdoedvaldomagalhaes.com.br\/wp-content\/uploads\/2022\/11\/IMG-20221130-WA0025.jpg\" alt=\"\" class=\"wp-image-90363\" srcset=\"https:\/\/blogdoedvaldomagalhaes.com.br\/wp-content\/uploads\/2022\/11\/IMG-20221130-WA0025.jpg 897w, https:\/\/blogdoedvaldomagalhaes.com.br\/wp-content\/uploads\/2022\/11\/IMG-20221130-WA0025-300x192.jpg 300w, https:\/\/blogdoedvaldomagalhaes.com.br\/wp-content\/uploads\/2022\/11\/IMG-20221130-WA0025-768x491.jpg 768w\" sizes=\"auto, (max-width: 897px) 100vw, 897px\" \/><figcaption>Fotos da v\u00edtimas do duplo homic\u00eddio<\/figcaption><\/figure>\n","protected":false},"excerpt":{"rendered":"<p>Na noite dessa ter\u00e7a-feira (29), o cobrador de impostos Jaciel Israel da Silva, conhecido como &#8220;Belo&#8221;, de 45 anos de&hellip;<\/p>\n","protected":false},"author":1,"featured_media":90347,"comment_status":"closed","ping_status":"open","sticky":false,"template":"","format":"standard","meta":{"footnotes":""},"categories":[14121],"tags":[2,19532,3406,26194],"class_list":["post-90346","post","type-post","status-publish","format-standard","has-post-thumbnail","hentry","category-policial","tag-blog-do-edvaldo-magalhaes","tag-blog-mais-acessado-e-visualizado-de-caruaru-e-regiao","tag-caruaru","tag-homem-e-assassinado-em-caruaru-e-duplo-homicidio-em-riacho-das-almas"],"_links":{"self":[{"href":"https:\/\/blogdoedvaldomagalhaes.com.br\/index.php\/wp-json\/wp\/v2\/posts\/90346","targetHints":{"allow":["GET"]}}],"collection":[{"href":"https:\/\/blogdoedvaldomagalhaes.com.br\/index.php\/wp-json\/wp\/v2\/posts"}],"about":[{"href":"https:\/\/blogdoedvaldomagalhaes.com.br\/index.php\/wp-json\/wp\/v2\/types\/post"}],"author":[{"embeddable":true,"href":"https:\/\/blogdoedvaldomagalhaes.com.br\/index.php\/wp-json\/wp\/v2\/users\/1"}],"replies":[{"embeddable":true,"href":"https:\/\/blogdoedvaldomagalhaes.com.br\/index.php\/wp-json\/wp\/v2\/comments?post=90346"}],"version-history":[{"count":4,"href":"https:\/\/blogdoedvaldomagalhaes.com.br\/index.php\/wp-json\/wp\/v2\/posts\/90346\/revisions"}],"predecessor-version":[{"id":90364,"href":"https:\/\/blogdoedvaldomagalhaes.com.br\/index.php\/wp-json\/wp\/v2\/posts\/90346\/revisions\/90364"}],"wp:featuredmedia":[{"embeddable":true,"href":"https:\/\/blogdoedvaldomagalhaes.com.br\/index.php\/wp-json\/wp\/v2\/media\/90347"}],"wp:attachment":[{"href":"https:\/\/blogdoedvaldomagalhaes.com.br\/index.php\/wp-json\/wp\/v2\/media?parent=90346"}],"wp:term":[{"taxonomy":"category","embeddable":true,"href":"https:\/\/blogdoedvaldomagalhaes.com.br\/index.php\/wp-json\/wp\/v2\/categories?post=90346"},{"taxonomy":"post_tag","embeddable":true,"href":"https:\/\/blogdoedvaldomagalhaes.com.br\/index.php\/wp-json\/wp\/v2\/tags?post=90346"}],"curies":[{"name":"wp","href":"https:\/\/api.w.org\/{rel}","templated":true}]}}