{"id":90343,"date":"2022-11-30T08:07:17","date_gmt":"2022-11-30T11:07:17","guid":{"rendered":"https:\/\/blogdoedvaldomagalhaes.com.br\/?p=90343"},"modified":"2022-11-30T08:07:18","modified_gmt":"2022-11-30T11:07:18","slug":"colisao-entre-carro-e-moto-na-br-232-em-caruaru","status":"publish","type":"post","link":"https:\/\/blogdoedvaldomagalhaes.com.br\/index.php\/2022\/11\/30\/colisao-entre-carro-e-moto-na-br-232-em-caruaru\/","title":{"rendered":"Colis\u00e3o entre carro e moto na BR 232 em Caruaru"},"content":{"rendered":"<p style=\"text-align: justify;\">O sinistro ocorreu por volta das 16h no km 129 da BR 232 em Caruaru.<\/p>\n<p style=\"text-align: justify;\">Um carro colidiu na traseira de um caminh\u00e3o.<\/p>\n<p style=\"text-align: justify;\">Ningu\u00e9m ficou ferido<\/p>\n<p style=\"text-align: justify;\">Ap\u00f3s a primeira colis\u00e3o, o tr\u00e2nsito ficou lento e uma condutora de uma motocicleta caiu do ve\u00edculo e foi parar em uma vala.<\/p>\n<p style=\"text-align: justify;\">A condutora estava sentido dores e foi encaminhada pelo Corpo de Bombeiros para um hospital da regi\u00e3o.<\/p>\n<p style=\"text-align: justify;\">Ela disse que havia sido atingida por um carro, mas n\u00e3o foram encontrados vest\u00edgios de outro ve\u00edculo no local. Foto: Divulga\u00e7\u00e3o\/PRF.<\/p>\n<p style=\"text-align: justify;\">Siga o Instagram do Blog @blogdoedvaldomagalhaes<\/p>\n","protected":false},"excerpt":{"rendered":"<p>O sinistro ocorreu por volta das 16h no km 129 da BR 232 em Caruaru. Um carro colidiu na traseira&hellip;<\/p>\n","protected":false},"author":1,"featured_media":90344,"comment_status":"closed","ping_status":"open","sticky":false,"template":"","format":"standard","meta":{"footnotes":""},"categories":[14120],"tags":[2,19532,3406,26193],"class_list":["post-90343","post","type-post","status-publish","format-standard","has-post-thumbnail","hentry","category-noticias","tag-blog-do-edvaldo-magalhaes","tag-blog-mais-acessado-e-visualizado-de-caruaru-e-regiao","tag-caruaru","tag-colisao-entre-carro-e-moto-na-br-232-em-caruaru"],"_links":{"self":[{"href":"https:\/\/blogdoedvaldomagalhaes.com.br\/index.php\/wp-json\/wp\/v2\/posts\/90343","targetHints":{"allow":["GET"]}}],"collection":[{"href":"https:\/\/blogdoedvaldomagalhaes.com.br\/index.php\/wp-json\/wp\/v2\/posts"}],"about":[{"href":"https:\/\/blogdoedvaldomagalhaes.com.br\/index.php\/wp-json\/wp\/v2\/types\/post"}],"author":[{"embeddable":true,"href":"https:\/\/blogdoedvaldomagalhaes.com.br\/index.php\/wp-json\/wp\/v2\/users\/1"}],"replies":[{"embeddable":true,"href":"https:\/\/blogdoedvaldomagalhaes.com.br\/index.php\/wp-json\/wp\/v2\/comments?post=90343"}],"version-history":[{"count":1,"href":"https:\/\/blogdoedvaldomagalhaes.com.br\/index.php\/wp-json\/wp\/v2\/posts\/90343\/revisions"}],"predecessor-version":[{"id":90345,"href":"https:\/\/blogdoedvaldomagalhaes.com.br\/index.php\/wp-json\/wp\/v2\/posts\/90343\/revisions\/90345"}],"wp:featuredmedia":[{"embeddable":true,"href":"https:\/\/blogdoedvaldomagalhaes.com.br\/index.php\/wp-json\/wp\/v2\/media\/90344"}],"wp:attachment":[{"href":"https:\/\/blogdoedvaldomagalhaes.com.br\/index.php\/wp-json\/wp\/v2\/media?parent=90343"}],"wp:term":[{"taxonomy":"category","embeddable":true,"href":"https:\/\/blogdoedvaldomagalhaes.com.br\/index.php\/wp-json\/wp\/v2\/categories?post=90343"},{"taxonomy":"post_tag","embeddable":true,"href":"https:\/\/blogdoedvaldomagalhaes.com.br\/index.php\/wp-json\/wp\/v2\/tags?post=90343"}],"curies":[{"name":"wp","href":"https:\/\/api.w.org\/{rel}","templated":true}]}}