{"id":90340,"date":"2022-11-29T19:29:30","date_gmt":"2022-11-29T22:29:30","guid":{"rendered":"https:\/\/blogdoedvaldomagalhaes.com.br\/?p=90340"},"modified":"2022-11-29T19:29:31","modified_gmt":"2022-11-29T22:29:31","slug":"apac-emite-alerta-de-chuva-forte-para-tres-regioes-de-pernambuco","status":"publish","type":"post","link":"https:\/\/blogdoedvaldomagalhaes.com.br\/index.php\/2022\/11\/29\/apac-emite-alerta-de-chuva-forte-para-tres-regioes-de-pernambuco\/","title":{"rendered":"Apac emite alerta de chuva forte para tr\u00eas regi\u00f5es de Pernambuco"},"content":{"rendered":"<p style=\"text-align: justify;\">A Ag\u00eancia Pernambucana de \u00c1guas e Clima (Apac) emitiu, na tarde desta ter\u00e7a-feira (29), alerta de possibilidade de chuva de moderada a forte na Zona da Mata, Agreste e Sert\u00e3o. O aviso meteorol\u00f3gico indica chuva at\u00e9 esta quarta-feira (30).<\/p>\n<p style=\"text-align: justify;\">Na tarde desta ter\u00e7a-feira (29), choveu forte em v\u00e1rios munic\u00edpios do Agreste, entre eles, Panelas, Cupira, Altinho, Ibirajuba, Correntes, Caet\u00e9s e Paranatama.<\/p>\n<p style=\"text-align: justify;\">Em Panelas, a \u00e1gua invadiu resid\u00eancias. Em Cupira, um popular registrou rel\u00e2mpago e trov\u00e3o no momento da prepara\u00e7\u00e3o da chuva.<\/p>\n<p style=\"text-align: justify;\">Siga o Instagram do Blog @blogdoedvaldomagalhaes<\/p>\n","protected":false},"excerpt":{"rendered":"<p>A Ag\u00eancia Pernambucana de \u00c1guas e Clima (Apac) emitiu, na tarde desta ter\u00e7a-feira (29), alerta de possibilidade de chuva de&hellip;<\/p>\n","protected":false},"author":1,"featured_media":90341,"comment_status":"closed","ping_status":"open","sticky":false,"template":"","format":"standard","meta":{"footnotes":""},"categories":[14120],"tags":[26191,2,19532,3406,26192,3479],"class_list":["post-90340","post","type-post","status-publish","format-standard","has-post-thumbnail","hentry","category-noticias","tag-apac-emite-alerta-de-chuva-forte-para-tres-regioes-de-pernambuco","tag-blog-do-edvaldo-magalhaes","tag-blog-mais-acessado-e-visualizado-de-caruaru-e-regiao","tag-caruaru","tag-chove","tag-chuva"],"_links":{"self":[{"href":"https:\/\/blogdoedvaldomagalhaes.com.br\/index.php\/wp-json\/wp\/v2\/posts\/90340","targetHints":{"allow":["GET"]}}],"collection":[{"href":"https:\/\/blogdoedvaldomagalhaes.com.br\/index.php\/wp-json\/wp\/v2\/posts"}],"about":[{"href":"https:\/\/blogdoedvaldomagalhaes.com.br\/index.php\/wp-json\/wp\/v2\/types\/post"}],"author":[{"embeddable":true,"href":"https:\/\/blogdoedvaldomagalhaes.com.br\/index.php\/wp-json\/wp\/v2\/users\/1"}],"replies":[{"embeddable":true,"href":"https:\/\/blogdoedvaldomagalhaes.com.br\/index.php\/wp-json\/wp\/v2\/comments?post=90340"}],"version-history":[{"count":1,"href":"https:\/\/blogdoedvaldomagalhaes.com.br\/index.php\/wp-json\/wp\/v2\/posts\/90340\/revisions"}],"predecessor-version":[{"id":90342,"href":"https:\/\/blogdoedvaldomagalhaes.com.br\/index.php\/wp-json\/wp\/v2\/posts\/90340\/revisions\/90342"}],"wp:featuredmedia":[{"embeddable":true,"href":"https:\/\/blogdoedvaldomagalhaes.com.br\/index.php\/wp-json\/wp\/v2\/media\/90341"}],"wp:attachment":[{"href":"https:\/\/blogdoedvaldomagalhaes.com.br\/index.php\/wp-json\/wp\/v2\/media?parent=90340"}],"wp:term":[{"taxonomy":"category","embeddable":true,"href":"https:\/\/blogdoedvaldomagalhaes.com.br\/index.php\/wp-json\/wp\/v2\/categories?post=90340"},{"taxonomy":"post_tag","embeddable":true,"href":"https:\/\/blogdoedvaldomagalhaes.com.br\/index.php\/wp-json\/wp\/v2\/tags?post=90340"}],"curies":[{"name":"wp","href":"https:\/\/api.w.org\/{rel}","templated":true}]}}