{"id":90335,"date":"2022-11-29T16:47:21","date_gmt":"2022-11-29T19:47:21","guid":{"rendered":"https:\/\/blogdoedvaldomagalhaes.com.br\/?p=90335"},"modified":"2022-11-29T16:56:49","modified_gmt":"2022-11-29T19:56:49","slug":"vereador-irmao-ronaldo-solicita-reforma-e-requalificacao-da-praca-chico-porto","status":"publish","type":"post","link":"https:\/\/blogdoedvaldomagalhaes.com.br\/index.php\/2022\/11\/29\/vereador-irmao-ronaldo-solicita-reforma-e-requalificacao-da-praca-chico-porto\/","title":{"rendered":"Vereador Irm\u00e3o Ronaldo solicita reforma e requalifica\u00e7\u00e3o da pra\u00e7a Chico Porto"},"content":{"rendered":"<p style=\"text-align: justify;\">Confira as proposituras apresentadas pelo vereador Irm\u00e3o Ronaldo na C\u00e2mara Municipal de Caruaru:<\/p>\n<p style=\"text-align: justify;\">REQUERIMENTO n\u00ba 3089 de 2022 reitera o requerimento 3723\/2021, para que se viabilize a Reforma e Requalifica\u00e7\u00e3o da Pra\u00e7a Chico Porto, localizada na avenida Dr. Pedro Jord\u00e3o, bairro Maur\u00edcio de Nassau.<\/p>\n<p style=\"text-align: justify;\">&#8220;A pra\u00e7a \u00e9 bem arborizada, o ambiente \u00e9 prop\u00edcio para uma corrida, caminhada ou simplesmente lazer com a familia ou bate papo entre amigos. O a<span class=\"tipText\">mbiente descontrai muitas pessoas e \u00e9 agrad\u00e1vel, por\u00e9m, precisa de melhorias, por isso, apresentei o requerimento solicitando provid\u00eancias no local&#8221;, afirmou Irm\u00e3o Ronaldo.<\/span><\/p>\n<p style=\"text-align: justify;\">Requerimento para que seja realizado o REPARO ASF\u00c1LTICO, na Avenida Jo\u00e3o Soares de Lira, no bairro Panorama.<\/p>\n<p style=\"text-align: justify;\">Requerimento n\u00ba 3090 de 2022, reitera o requerimento 3746\/2021, para que envidem esfor\u00e7os no sentido de fazer a Retirada de Entulhos e a Capina\u00e7\u00e3o na Rua Quit\u00e9ria Francisca da Silva , bairro Maria Auxiliadora, por tr\u00e1s do Hospital Municipal Dr. Manoel Afonso Porto Neto.<\/p>\n<p style=\"text-align: justify;\">Requerimento n\u00ba 3087 de 2022 reitera o requerimento 3724\/202, para que envidem esfor\u00e7os no sentido de fazer a Retirada de Entulhos e a Capina\u00e7\u00e3o na Rua Jos\u00e9 Claudino de Mac\u00eado, bairro Maria Auxiliadora.<\/p>\n<p style=\"text-align: justify;\">Requerimento n\u00ba 3088 de 2022 reitera o requerimento 3676\/2021, para que envidem esfor\u00e7os no sentido de fazer a Capina\u00e7\u00e3o e a Retirada de entulhos na Estrada principal que passa pelo loteamento Bara\u00fana e segue para zona rural.<\/p>\n","protected":false},"excerpt":{"rendered":"<p>Confira as proposituras apresentadas pelo vereador Irm\u00e3o Ronaldo na C\u00e2mara Municipal de Caruaru: REQUERIMENTO n\u00ba 3089 de 2022 reitera o&hellip;<\/p>\n","protected":false},"author":1,"featured_media":90336,"comment_status":"closed","ping_status":"open","sticky":false,"template":"","format":"standard","meta":{"footnotes":""},"categories":[14122],"tags":[2,19532,3406,20,26190],"class_list":["post-90335","post","type-post","status-publish","format-standard","has-post-thumbnail","hentry","category-politica","tag-blog-do-edvaldo-magalhaes","tag-blog-mais-acessado-e-visualizado-de-caruaru-e-regiao","tag-caruaru","tag-politica","tag-vereador-irmao-ronaldo-solicita-reforma-e-requalificacao-da-praca-chico-porto"],"_links":{"self":[{"href":"https:\/\/blogdoedvaldomagalhaes.com.br\/index.php\/wp-json\/wp\/v2\/posts\/90335","targetHints":{"allow":["GET"]}}],"collection":[{"href":"https:\/\/blogdoedvaldomagalhaes.com.br\/index.php\/wp-json\/wp\/v2\/posts"}],"about":[{"href":"https:\/\/blogdoedvaldomagalhaes.com.br\/index.php\/wp-json\/wp\/v2\/types\/post"}],"author":[{"embeddable":true,"href":"https:\/\/blogdoedvaldomagalhaes.com.br\/index.php\/wp-json\/wp\/v2\/users\/1"}],"replies":[{"embeddable":true,"href":"https:\/\/blogdoedvaldomagalhaes.com.br\/index.php\/wp-json\/wp\/v2\/comments?post=90335"}],"version-history":[{"count":2,"href":"https:\/\/blogdoedvaldomagalhaes.com.br\/index.php\/wp-json\/wp\/v2\/posts\/90335\/revisions"}],"predecessor-version":[{"id":90339,"href":"https:\/\/blogdoedvaldomagalhaes.com.br\/index.php\/wp-json\/wp\/v2\/posts\/90335\/revisions\/90339"}],"wp:featuredmedia":[{"embeddable":true,"href":"https:\/\/blogdoedvaldomagalhaes.com.br\/index.php\/wp-json\/wp\/v2\/media\/90336"}],"wp:attachment":[{"href":"https:\/\/blogdoedvaldomagalhaes.com.br\/index.php\/wp-json\/wp\/v2\/media?parent=90335"}],"wp:term":[{"taxonomy":"category","embeddable":true,"href":"https:\/\/blogdoedvaldomagalhaes.com.br\/index.php\/wp-json\/wp\/v2\/categories?post=90335"},{"taxonomy":"post_tag","embeddable":true,"href":"https:\/\/blogdoedvaldomagalhaes.com.br\/index.php\/wp-json\/wp\/v2\/tags?post=90335"}],"curies":[{"name":"wp","href":"https:\/\/api.w.org\/{rel}","templated":true}]}}