{"id":90332,"date":"2022-11-29T14:55:47","date_gmt":"2022-11-29T17:55:47","guid":{"rendered":"https:\/\/blogdoedvaldomagalhaes.com.br\/?p=90332"},"modified":"2022-11-29T14:55:48","modified_gmt":"2022-11-29T17:55:48","slug":"confira-a-programacao-da-festa-de-nossa-senhora-da-conceicao-em-caruaru","status":"publish","type":"post","link":"https:\/\/blogdoedvaldomagalhaes.com.br\/index.php\/2022\/11\/29\/confira-a-programacao-da-festa-de-nossa-senhora-da-conceicao-em-caruaru\/","title":{"rendered":"Confira a programa\u00e7\u00e3o da Festa de Nossa Senhora da Concei\u00e7\u00e3o, em Caruaru"},"content":{"rendered":"<p style=\"text-align: justify;\"><span style=\"font-size: revert; color: initial;\">A Festa de Nossa Senhora da Concei\u00e7\u00e3o em Caruaru, come\u00e7a nesta ter\u00e7a-feira (29). A programa\u00e7\u00e3o prossegue at\u00e9 o dia 8 de dezembro. O tema da festa ser\u00e1 &#8220;Deus Vos salve Virgem, M\u00e3e Imaculada, Rainha de Clem\u00eancia, de Estrelas Coroada&#8221;.<\/span><\/p>\n<p style=\"text-align: justify;\"><strong>Confira a programa\u00e7\u00e3o:<\/strong><\/p>\n<p style=\"text-align: justify;\">29\/11 (ter\u00e7a-feira)<\/p>\n<p style=\"text-align: justify;\">18h30: Ora\u00e7\u00e3o do Ter\u00e7o no Col\u00e9gio Sagrado Cora\u00e7\u00e3o<\/p>\n<p style=\"text-align: justify;\">19h: Prociss\u00e3o da Bandeira, saindo do col\u00e9gio at\u00e9 a Igreja da Concei\u00e7\u00e3o.<\/p>\n<p style=\"text-align: justify;\">19h30: Missa com Pe. Jer\u00f4nimo Alves (Par\u00f3quia Santa Teresinha e seus pais, os santos Lu\u00eds e Z\u00e9lia).<\/p>\n<p style=\"text-align: justify;\">30\/11 (quarta-feira)<\/p>\n<p style=\"text-align: justify;\">6h30: Of\u00edcio da Imaculada Conceic\u00e3o<br \/>\n7h: Missa<\/p>\n<p style=\"text-align: justify;\">19h: Ora\u00e7\u00e3o do Ter\u00e7o &#8211; Homens do Ter\u00e7o (Par\u00f3quia<br \/>\nMonte Carmelo e Par\u00f3quia S\u00e3o Paulo Apostolo)<br \/>\n19h30: Missa com Pe. Alexsandro Jorge (Par\u00f3quia S\u00e3o Jos\u00e9 Petr\u00f3polis).<\/p>\n<p style=\"text-align: justify;\">01\/12 (quinta-feira)<\/p>\n<p style=\"text-align: justify;\">6h30: Of\u00edcio da Imaculada Concei\u00e7\u00e3o<br \/>\n7h: Missa<\/p>\n<p style=\"text-align: justify;\">19h: Ora\u00e7\u00e3o do Ter\u00e7o &#8211; Legi\u00e3o de Maria<\/p>\n<p style=\"text-align: justify;\">19h30: Missa com Pe. Francisco Xavier (Catedral N. Sra. das Dores).<\/p>\n<p style=\"text-align: justify;\">02\/12 (sexta-feira)<\/p>\n<p style=\"text-align: justify;\">6h30: Oficio da Imaculada Concei\u00e7\u00e3o<br \/>\n7h: Missa<\/p>\n<p style=\"text-align: justify;\">19h: Ora\u00e7\u00e3o do Ter\u00e7o &#8211; Movimento M\u00e3e Rainha (Par\u00f3quia N. Sra. de Guadalupe)<\/p>\n<p style=\"text-align: justify;\">19h30: Missa com Monsenhor Jos\u00e9 Roque (Par\u00f3quia S\u00e3o Francisco).<\/p>\n<p style=\"text-align: justify;\">03\/12 (s\u00e1bado)<\/p>\n<p style=\"text-align: justify;\">6h30: Of\u00edcio da Imaculada Concei\u00e7\u00e3o<br \/>\n7h: Missa<\/p>\n<p style=\"text-align: justify;\">19h: Ora\u00e7\u00e3o do Ter\u00e7o &#8211; Apostolado da Ora\u00e7\u00e3o (Par\u00f3quia S\u00e3o Jos\u00e9)<\/p>\n<p style=\"text-align: justify;\">19h30: Missa com Monsenhor Jos\u00e9 Heleno (Col\u00e9gio Casa da Crian\u00e7a).<\/p>\n<p style=\"text-align: justify;\">04\/12 (domingo)<\/p>\n<p style=\"text-align: justify;\">18h30: Ora\u00e7\u00e3o do Ter\u00e7o &#8211; Guardi\u00f5es da Virgem<\/p>\n<p style=\"text-align: justify;\">19h: Missa com Pe. Silvano Onofre (Reitor da Igreja da Concei\u00e7\u00e3o)<\/p>\n<p style=\"text-align: justify;\">05\/12 (segunda-feira)<\/p>\n<p style=\"text-align: justify;\">6h30: Of\u00edcio da Imaculada Concei\u00e7\u00e3o<br \/>\n7h: Missa<\/p>\n<p style=\"text-align: justify;\">19h: Ora\u00e7\u00e3o do Ter\u00e7o &#8211; Fraternidade do Escapul\u00e1rio<\/p>\n<p style=\"text-align: justify;\">19h30: Missa com Frei Tiago Felipe (Par\u00f3quia Cora\u00e7\u00e3o Eucar\u00edstico)<\/p>\n<p style=\"text-align: justify;\">06\/12 (ter\u00e7a-feira)<\/p>\n<p style=\"text-align: justify;\">6h30: Of\u00edcio da Imaculada Concei\u00e7\u00e3o<br \/>\n7h: Missa<\/p>\n<p style=\"text-align: justify;\">19h: Ora\u00e7\u00e3o do Ter\u00e7o &#8211; Apostolado da Ora\u00e7\u00e3o (Par\u00f3quia S\u00e3o<br \/>\nFrancisco)<\/p>\n<p style=\"text-align: justify;\">19h30: Missa com Pe. Jos\u00e9 Valter (Par\u00f3quia N. Sra. do Ros\u00e1rio).<\/p>\n<p style=\"text-align: justify;\">07\/12 (quarta-feira)<\/p>\n<p style=\"text-align: justify;\">6h30: Of\u00edcio da Imaculada Concei\u00e7\u00e3o<br \/>\n7h: Missa<\/p>\n<p style=\"text-align: justify;\">19h: Orac\u00e3o do Terco &#8211; Equipes de Nossa Senhora<\/p>\n<p style=\"text-align: justify;\">19h30: Missa com Pe. Ezequias Dantas<\/p>\n<p style=\"text-align: justify;\">08\/12 (quinta-feira)<\/p>\n<p style=\"text-align: justify;\">6h30: Of\u00edcio da Imaculada Concei\u00e7\u00e3o<\/p>\n<p style=\"text-align: justify;\">7h: Missa com Pe. Silvano Onofre<\/p>\n<p style=\"text-align: justify;\">10h: Missa Solene com Pe. Bartolomeu F\u00e9lix<br \/>\n11h30: Descida da Imagem de N. Sra. da Concei\u00e7\u00e3o &#8211; com Guardi\u00f5es da Virgem<\/p>\n<p style=\"text-align: justify;\">12h: Repique dos sinos e Gir\u00e2ndola festiva<br \/>\n18h30: Missa com Pe. Zenilson Tib\u00farcio (Par\u00f3quia N. Sra. das Dores)<\/p>\n<p style=\"text-align: justify;\">19h30: Prociss\u00e3o luminosa de Nossa Senhora da Concei\u00e7\u00e3o.<\/p>\n<p style=\"text-align: justify;\">Siga o Instagram do Blog @blogdoedvaldomagalhaes<\/p>\n","protected":false},"excerpt":{"rendered":"<p>A Festa de Nossa Senhora da Concei\u00e7\u00e3o em Caruaru, come\u00e7a nesta ter\u00e7a-feira (29). A programa\u00e7\u00e3o prossegue at\u00e9 o dia 8&hellip;<\/p>\n","protected":false},"author":1,"featured_media":90333,"comment_status":"closed","ping_status":"open","sticky":false,"template":"","format":"standard","meta":{"footnotes":""},"categories":[14120],"tags":[2,19532,3406,26189],"class_list":["post-90332","post","type-post","status-publish","format-standard","has-post-thumbnail","hentry","category-noticias","tag-blog-do-edvaldo-magalhaes","tag-blog-mais-acessado-e-visualizado-de-caruaru-e-regiao","tag-caruaru","tag-confira-a-programacao-da-festa-de-nossa-senhora-da-conceicao-em-caruaru"],"_links":{"self":[{"href":"https:\/\/blogdoedvaldomagalhaes.com.br\/index.php\/wp-json\/wp\/v2\/posts\/90332","targetHints":{"allow":["GET"]}}],"collection":[{"href":"https:\/\/blogdoedvaldomagalhaes.com.br\/index.php\/wp-json\/wp\/v2\/posts"}],"about":[{"href":"https:\/\/blogdoedvaldomagalhaes.com.br\/index.php\/wp-json\/wp\/v2\/types\/post"}],"author":[{"embeddable":true,"href":"https:\/\/blogdoedvaldomagalhaes.com.br\/index.php\/wp-json\/wp\/v2\/users\/1"}],"replies":[{"embeddable":true,"href":"https:\/\/blogdoedvaldomagalhaes.com.br\/index.php\/wp-json\/wp\/v2\/comments?post=90332"}],"version-history":[{"count":1,"href":"https:\/\/blogdoedvaldomagalhaes.com.br\/index.php\/wp-json\/wp\/v2\/posts\/90332\/revisions"}],"predecessor-version":[{"id":90334,"href":"https:\/\/blogdoedvaldomagalhaes.com.br\/index.php\/wp-json\/wp\/v2\/posts\/90332\/revisions\/90334"}],"wp:featuredmedia":[{"embeddable":true,"href":"https:\/\/blogdoedvaldomagalhaes.com.br\/index.php\/wp-json\/wp\/v2\/media\/90333"}],"wp:attachment":[{"href":"https:\/\/blogdoedvaldomagalhaes.com.br\/index.php\/wp-json\/wp\/v2\/media?parent=90332"}],"wp:term":[{"taxonomy":"category","embeddable":true,"href":"https:\/\/blogdoedvaldomagalhaes.com.br\/index.php\/wp-json\/wp\/v2\/categories?post=90332"},{"taxonomy":"post_tag","embeddable":true,"href":"https:\/\/blogdoedvaldomagalhaes.com.br\/index.php\/wp-json\/wp\/v2\/tags?post=90332"}],"curies":[{"name":"wp","href":"https:\/\/api.w.org\/{rel}","templated":true}]}}