{"id":90328,"date":"2022-11-29T12:33:22","date_gmt":"2022-11-29T15:33:22","guid":{"rendered":"https:\/\/blogdoedvaldomagalhaes.com.br\/?p=90328"},"modified":"2022-11-29T12:33:24","modified_gmt":"2022-11-29T15:33:24","slug":"com-carro-roubado-bandidos-fogem-da-fiscalizacao-e-atiram-contra-equipe-da-prf","status":"publish","type":"post","link":"https:\/\/blogdoedvaldomagalhaes.com.br\/index.php\/2022\/11\/29\/com-carro-roubado-bandidos-fogem-da-fiscalizacao-e-atiram-contra-equipe-da-prf\/","title":{"rendered":"Com carro roubado, bandidos fogem da fiscaliza\u00e7\u00e3o e atiram contra equipe da PRF"},"content":{"rendered":"<p style=\"text-align: justify;\"><span style=\"color: initial; font-size: revert;\">A Pol\u00edcia Rodovi\u00e1ria Federal (PRF) recuperou, nesta segunda (29), um ve\u00edculo Novo Gol roubado no \u00faltimo dia 10 em Petrolina. A equipe policial se deparou com o carro durante rondas na BR-428. Ao receber ordem de parada, o motorista iniciou a fuga em alta velocidade pela Transnordestina, com ultrapassagens perigosas e por pouco n\u00e3o atropelou ciclistas.<\/span><\/p>\n<p style=\"text-align: justify;\">A persegui\u00e7\u00e3o durou cerca de 5 km, momento em que o condutor perdeu o controle do Gol e rodou na pista. Dois suspeitos estavam no ve\u00edculo e atiraram na dire\u00e7\u00e3o dos policias enquanto corriam em fuga sentido a \u00e1rea de caatinga. Nenhum PRF ficou ferido e os bandidos ainda n\u00e3o foram localizados.<\/p>\n<p style=\"text-align: justify;\">Ap\u00f3s descarregar o armamento, um dos suspeitos abandonou a arma, que foi localizada e apreendida pelos agentes. O outro foi flagrado por c\u00e2meras de seguran\u00e7a no bairro S\u00e3o Joaquim.<\/p>\n<p style=\"text-align: justify;\">Em consulta aos sistemas, os PRFs obtiveram a informa\u00e7\u00e3o de que o carro havia sido roubado h\u00e1 19 dias no bairro Maria Auxiliadora, um caso que ganhou repercuss\u00e3o inclusive nas redes sociais. O ve\u00edculo foi levado para a Delegacia de Pol\u00edcia Civil em Petrolina.<\/p>\n<p style=\"text-align: justify;\">Siga o Instagram do Blog @blogdoedvaldomagalhaes<\/p>\n\n\n<figure class=\"wp-block-image size-large\"><img loading=\"lazy\" decoding=\"async\" width=\"1024\" height=\"576\" src=\"https:\/\/blogdoedvaldomagalhaes.com.br\/wp-content\/uploads\/2022\/11\/IMG-20221129-WA0057-1024x576.jpg\" alt=\"\" class=\"wp-image-90330\" srcset=\"https:\/\/blogdoedvaldomagalhaes.com.br\/wp-content\/uploads\/2022\/11\/IMG-20221129-WA0057-1024x576.jpg 1024w, https:\/\/blogdoedvaldomagalhaes.com.br\/wp-content\/uploads\/2022\/11\/IMG-20221129-WA0057-300x169.jpg 300w, https:\/\/blogdoedvaldomagalhaes.com.br\/wp-content\/uploads\/2022\/11\/IMG-20221129-WA0057-768x432.jpg 768w, https:\/\/blogdoedvaldomagalhaes.com.br\/wp-content\/uploads\/2022\/11\/IMG-20221129-WA0057-1536x864.jpg 1536w, https:\/\/blogdoedvaldomagalhaes.com.br\/wp-content\/uploads\/2022\/11\/IMG-20221129-WA0057-1140x641.jpg 1140w, https:\/\/blogdoedvaldomagalhaes.com.br\/wp-content\/uploads\/2022\/11\/IMG-20221129-WA0057-720x405.jpg 720w, https:\/\/blogdoedvaldomagalhaes.com.br\/wp-content\/uploads\/2022\/11\/IMG-20221129-WA0057.jpg 1599w\" sizes=\"auto, (max-width: 1024px) 100vw, 1024px\" \/><figcaption>Fotos: Divulga\u00e7\u00e3o\/PRF<\/figcaption><\/figure>\n","protected":false},"excerpt":{"rendered":"<p>A Pol\u00edcia Rodovi\u00e1ria Federal (PRF) recuperou, nesta segunda (29), um ve\u00edculo Novo Gol roubado no \u00faltimo dia 10 em Petrolina.&hellip;<\/p>\n","protected":false},"author":1,"featured_media":90329,"comment_status":"closed","ping_status":"open","sticky":false,"template":"","format":"standard","meta":{"footnotes":""},"categories":[14121],"tags":[2,19532,3406,26188,6040],"class_list":["post-90328","post","type-post","status-publish","format-standard","has-post-thumbnail","hentry","category-policial","tag-blog-do-edvaldo-magalhaes","tag-blog-mais-acessado-e-visualizado-de-caruaru-e-regiao","tag-caruaru","tag-com-carro-roubado-bandidos-fogem-da-fiscalizacao-e-atiram-contra-equipe-da-prf","tag-petrolina"],"_links":{"self":[{"href":"https:\/\/blogdoedvaldomagalhaes.com.br\/index.php\/wp-json\/wp\/v2\/posts\/90328","targetHints":{"allow":["GET"]}}],"collection":[{"href":"https:\/\/blogdoedvaldomagalhaes.com.br\/index.php\/wp-json\/wp\/v2\/posts"}],"about":[{"href":"https:\/\/blogdoedvaldomagalhaes.com.br\/index.php\/wp-json\/wp\/v2\/types\/post"}],"author":[{"embeddable":true,"href":"https:\/\/blogdoedvaldomagalhaes.com.br\/index.php\/wp-json\/wp\/v2\/users\/1"}],"replies":[{"embeddable":true,"href":"https:\/\/blogdoedvaldomagalhaes.com.br\/index.php\/wp-json\/wp\/v2\/comments?post=90328"}],"version-history":[{"count":1,"href":"https:\/\/blogdoedvaldomagalhaes.com.br\/index.php\/wp-json\/wp\/v2\/posts\/90328\/revisions"}],"predecessor-version":[{"id":90331,"href":"https:\/\/blogdoedvaldomagalhaes.com.br\/index.php\/wp-json\/wp\/v2\/posts\/90328\/revisions\/90331"}],"wp:featuredmedia":[{"embeddable":true,"href":"https:\/\/blogdoedvaldomagalhaes.com.br\/index.php\/wp-json\/wp\/v2\/media\/90329"}],"wp:attachment":[{"href":"https:\/\/blogdoedvaldomagalhaes.com.br\/index.php\/wp-json\/wp\/v2\/media?parent=90328"}],"wp:term":[{"taxonomy":"category","embeddable":true,"href":"https:\/\/blogdoedvaldomagalhaes.com.br\/index.php\/wp-json\/wp\/v2\/categories?post=90328"},{"taxonomy":"post_tag","embeddable":true,"href":"https:\/\/blogdoedvaldomagalhaes.com.br\/index.php\/wp-json\/wp\/v2\/tags?post=90328"}],"curies":[{"name":"wp","href":"https:\/\/api.w.org\/{rel}","templated":true}]}}